{"id":35749,"date":"2021-03-03T17:42:22","date_gmt":"2021-03-03T17:42:22","guid":{"rendered":"http:\/\/serviciosdeportes.animsa.net\/news\/hacia-el-8-de-marzo-dia-3-eva-bandres-inmunologa-y-farolera\/"},"modified":"2021-03-03T17:42:22","modified_gmt":"2021-03-03T16:42:22","slug":"hacia-el-8-de-marzo-dia-3-eva-bandres-inmunologa-y-farolera","status":"publish","type":"noticias","link":"https:\/\/www.sanguesa.es\/eu\/noticias\/hacia-el-8-de-marzo-dia-3-eva-bandres-inmunologa-y-farolera\/","title":{"rendered":"Hacia el 8 de marzo, d\u00eda 3: Eva Bandr\u00e9s, inmun\u00f3loga y &#8220;farolera&#8221;"},"content":{"rendered":"<?xml encoding=\"utf-8\" ?><p><em>Soy Eva Bandr&eacute;s, sang&uuml;esina de 50 a&ntilde;os (de casa &ldquo;el real&rdquo; y &ldquo;anico&rdquo;). Tengo 3 hijos y soy cient&iacute;fica.<\/em><\/p><p><em>A mis alumnas y alumnos de la universidad me presento como cient&iacute;fica y &ldquo;farolera&rdquo;&hellip; me representan ambas<\/em><\/p><ul>\n<li><strong>Eva &iquest;Qu&eacute; quer&iacute;as ser de peque&ntilde;a?<\/strong>\n<ul>\n<li><em>Creo que pas&eacute; por distintas etapas. Inicialmente quer&iacute;a ser peluquera (me encantaba estar en la peluquer&iacute;a de mi t&iacute;o To&ntilde;&iacute;n). Luego, despu&eacute;s de leerme 100 veces el libro de mujercitas, quer&iacute;a ser como Jo, escritora. En la adolescencia quer&iacute;a ser corresponsal de guerra y defensora de las causas injustas.<\/em><\/li>\n<\/ul>\n<\/li>\n<li><strong>Te decidiste por la Biolog&iacute;a &iquest;por qu&eacute;?<\/strong>\n<ul>\n<li><em>Fue un poco por impedimento familiar. Yo quer&iacute;a escribir y estudiar periodismo, pero mi padre no lo ve&iacute;a. Me dijo: &ldquo;Pio Baroja m&eacute;dico era, para escribir no hace falta estudiar una carrera&rdquo;. Yo estudiaba ciencias y me <a href=\"http:\/\/www.sanguesa.es\/wp-content\/uploads\/2021\/03\/eva-badres-1.jpg\" class=\"doc-link doc-jpg doc-group-image\"><img loading=\"lazy\" decoding=\"async\" class=\"size-medium wp-image-23177 alignright\" src=\"http:\/\/www.sanguesa.es\/wp-content\/uploads\/2021\/03\/eva-badres-1-210x300.jpg\" alt=\"\" width=\"210\" height=\"300\"><\/a>pareci&oacute; buena idea estudiar Biolog&iacute;a para irme con Greenpeace a salvar las ballenas. As&iacute; empec&eacute; a estudiar Biolog&iacute;a que abarca muchos temas. En segundo conoc&iacute; el mundo de la c&eacute;lula, la bioqu&iacute;mica, los genes etc., y me pareci&oacute; un mundo m&aacute;gico que ni siquiera sospechaba que podr&iacute;a estar as&iacute; de regulado<\/em><\/li>\n<\/ul>\n<\/li>\n<li><b>Es un campo muy amplio, pero t&uacute; &iquest;te has dedicado a&hellip;?<\/b>\n<ul>\n<li><em>Yo me dedico ahora a la inmunolog&iacute;a, que es la ciencia que estudia c&oacute;mo nos defendemos de todos los microorganismos (virus, bacterias, par&aacute;sitos) pero tambi&eacute;n como podemos utilizar nuestro sistema inmune para combatir enfermedades (producir vacunas, combatir el c&aacute;ncer, hacer trasplantes)<\/em><\/li>\n<\/ul>\n<\/li>\n<li><strong>&iquest;D&oacute;nde trabajas, Eva? &iquest;Sigues investigando en tu tiempo libre?<\/strong>\n<ul>\n<li><em>Despu&eacute;s de acabar la especialidad de Inmunolog&iacute;a, estuve 10 a&ntilde;os investigando en el tratamiento del c&aacute;ncer. Hace 10 a&ntilde;os obtuve una plaza del Servicio Navarro de Salud y trabajo como inmun&oacute;loga en el Hospital de Navarra. All&iacute; sobre todo me dedico a analizar muestras para poder elegir un buen donante para un paciente con leucemia o analizar unas mol&eacute;culas que se asocian con enfermedades autoinmunes.&nbsp;<\/em><em>S&iacute;, sigo investigando, pero menos que antes. Ahora de una forma m&aacute;s aplicada intentamos buscar respuestas a los problemas que nos encontramos d&iacute;a a d&iacute;a con nuestros pacientes. En el &uacute;ltimo estudio que hemos realizado hemos querido ver si utilizando una tecnolog&iacute;a muy novedosa podemos adelantarnos en la detecci&oacute;n de nuevo&nbsp; de la leucemia despu&eacute;s de un trasplante de m&eacute;dula &oacute;sea.<\/em><\/li>\n<\/ul>\n<\/li>\n<li><b>Actualmente tambi&eacute;n impartes clases en la Facultad de Medicina de la UPNA, &iquest;de qu&eacute; materia?<\/b>\n<ul>\n<li><em>Intento ense&ntilde;ar Inmunolog&iacute;a a los estudiantes de Medicina. Debo confesar que est&aacute;n&nbsp; siendo un reto dif&iacute;cil pero muy gratificante. Por desgracia estamos en el a&ntilde;o de la inmunolog&iacute;a. As&iacute; que&nbsp; todos nos hacemos preguntas sobre IgG o IgM frente al coronavirus o sobre las vacunas. Intento ense&ntilde;arles c&oacute;mo funciona todo esto<\/em><\/li>\n<\/ul>\n<\/li>\n<li><b>Eres una mujer cient&iacute;fica, &iquest;una rara avis?<\/b>\n<ul>\n<li><em>No lo considero. Debo decir que siempre me he rodeado de mujeres cient&iacute;ficas. En la universidad la mayor&iacute;a de compa&ntilde;eros eran mujeres, me ense&ntilde;aron inmunolog&iacute;a mujeres, mis compa&ntilde;eras&nbsp; en el trabajo siempre han sido mujeres. Creo que el mundo de la ciencia las mujeres est&aacute;n &ldquo;ganando la carrera&rdquo;. Otra cosa son los cient&iacute;ficos que vemos en la tele que la mayor&iacute;a son hombres. Las mujeres solemos quedarnos en la &ldquo;recocina&rdquo;, gestionamos lo que no se ve&hellip;<\/em><\/li>\n<\/ul>\n<\/li>\n<li><strong>&iquest;Qu&eacute; es lo que m&aacute;s dif&iacute;cil te ha resultado? Y &iquest;De qu&eacute; te sientes m&aacute;s satisfecha?<\/strong>\n<ul>\n<li><em>Lo que m&aacute;s dif&iacute;cil me ha resultado es asumir que muchas veces ni siquiera con un gran esfuerzo se obtienen los resultados que deseas. En ciencia es importante asumir que muchas veces est&aacute;s equivocada, que no puedes cambiar la realidad (ni a&uacute;n con empe&ntilde;o) y que es imprescindible trabajar con humildad. Muchas veces tienes<a href=\"http:\/\/www.sanguesa.es\/wp-content\/uploads\/2021\/03\/eva-badres-2.jpg\" class=\"doc-link doc-jpg doc-group-image\"><img loading=\"lazy\" decoding=\"async\" class=\"size-full wp-image-23178 alignright\" src=\"http:\/\/www.sanguesa.es\/wp-content\/uploads\/2021\/03\/eva-badres-2.jpg\" alt=\"\" width=\"182\" height=\"246\"><\/a> la sensaci&oacute;n de tirar todo el trabajo por la borda porque no obtienes un resultado positivo, pero asumirlo es parte del juego. De lo que m&aacute;s satisfecha me siento, que ha dependido poco de m&iacute;, es de haberme rodeado de un gran n&uacute;mero de mujeres que me han ayudado para ser quien soy, como cient&iacute;fica y como persona. Compaginar la maternidad con la ciencia no hubiera sido posible sin el apoyo de mi madre, mi t&iacute;a, mi prima y otras amas que recog&iacute;an a los txikis en la puerta de la ikastola. Tampoco sin mis amigas o mis compa&ntilde;eras de trabajo. En el laboratorio siempre una de nosotras ten&iacute;amos que ir al pediatra por mocos y el resto asum&iacute;amos el trabajo. Por supuesto tambi&eacute;n gracias a mi padre y mi marido que siempre me apoyaron y a un gran jefe, que ya hace 20 a&ntilde;os nos permit&iacute;a conciliar el horario para poder realizar la tarea de cient&iacute;fica y la de madre.<\/em><br>\n<em>Me siento especialmente orgullosa de toda la gente que me ha ayudado en todo este tiempo, he tenido una gran suerte.<\/em><\/li>\n<\/ul>\n<\/li>\n<\/ul><p>Muchas gracias Eva, por dejarnos conocerte y acercarnos a la importante labor que desarrollas. Eskerrik Asko!<\/p><p><a href=\"http:\/\/www.sanguesa.es\/wp-content\/uploads\/2021\/03\/Imagen-3.jpg\" class=\"doc-link doc-jpg doc-group-image\"><img loading=\"lazy\" decoding=\"async\" class=\"alignnone size-full wp-image-23144\" src=\"http:\/\/www.sanguesa.es\/wp-content\/uploads\/2021\/03\/Imagen-3.jpg\" alt=\"\" width=\"165\" height=\"229\"><\/a><a href=\"http:\/\/www.sanguesa.es\/wp-content\/uploads\/2021\/03\/Imagen-1.jpg\" class=\"doc-link doc-jpg doc-group-image\"><img loading=\"lazy\" decoding=\"async\" class=\"alignnone wp-image-23142\" src=\"http:\/\/www.sanguesa.es\/wp-content\/uploads\/2021\/03\/Imagen-1-300x77.jpg\" alt=\"\" width=\"686\" height=\"176\" srcset=\"https:\/\/www.sanguesa.es\/wp-content\/uploads\/2021\/03\/Imagen-1-300x77.jpg 300w, https:\/\/www.sanguesa.es\/wp-content\/uploads\/2021\/03\/Imagen-1.jpg 531w\" sizes=\"auto, (max-width: 686px) 100vw, 686px\"><\/a><\/p><p>&nbsp;<\/p><p>&nbsp;<\/p>\n","protected":false},"author":19095,"featured_media":35752,"template":"","format":"standard","meta":{"_wpml_word_count":["{\"total\":0,\"to_translate\":{\"eu\":816,\"es\":816}}"],"_wpml_media_featured":["1"],"_wpml_media_duplicate":["1"],"_thumbnail_id":["35752"],"_last_translation_edit_mode":["translation-editor"],"_qt_imported":["from-23176"],"sbg_selected_sidebar":["s:18:\"a:1:{i:0;s:1:\"0\";}\";"],"sbg_selected_sidebar_replacement":["s:17:\"a:1:{i:0;s:0:\"\";}\";"],"sbg_selected_sidebar_2":["s:18:\"a:1:{i:0;s:1:\"0\";}\";"],"sbg_selected_sidebar_2_replacement":["s:17:\"a:1:{i:0;s:0:\"\";}\";"],"_qt_links_fixed":["1"]},"class_list":["post-35749","noticias","type-noticias","status-publish","format-standard","has-post-thumbnail","hentry","categorianoticias-igualdad-eu"],"yoast_head":"<!-- This site is optimized with the Yoast SEO plugin v28.0 - https:\/\/yoast.com\/product\/yoast-seo-wordpress\/ -->\r\n<title>Hacia el 8 de marzo, d\u00eda 3: Eva Bandr\u00e9s, inmun\u00f3loga y &quot;farolera&quot; - Ayuntamiento Sang\u00fcesa \/ Zangozako Udala<\/title>\r\n<meta name=\"robots\" content=\"index, follow, max-snippet:-1, max-image-preview:large, max-video-preview:-1\" \/>\r\n<link rel=\"canonical\" href=\"https:\/\/www.sanguesa.es\/eu\/noticias\/hacia-el-8-de-marzo-dia-3-eva-bandres-inmunologa-y-farolera\/\" \/>\r\n<meta property=\"og:locale\" content=\"eu_ES\" \/>\r\n<meta property=\"og:type\" content=\"article\" \/>\r\n<meta property=\"og:title\" content=\"Hacia el 8 de marzo, d\u00eda 3: Eva Bandr\u00e9s, inmun\u00f3loga y &quot;farolera&quot; - Ayuntamiento Sang\u00fcesa \/ Zangozako Udala\" \/>\r\n<meta property=\"og:description\" content=\"Soy Eva Bandr&eacute;s, sang&uuml;esina de 50 a&ntilde;os (de casa &ldquo;el real&rdquo; y &ldquo;anico&rdquo;). Tengo 3 hijos y soy cient&iacute;fica.A mis alumnas y alumnos de la universidad me presento como cient&iacute;fica y &ldquo;farolera&rdquo;&hellip; me representan ambas Eva &iquest;Qu&eacute; quer&iacute;as ser de peque&ntilde;a? Creo que pas&eacute; por distintas etapas. Inicialmente quer&iacute;a ser peluquera (me encantaba estar en [&hellip;]\" \/>\r\n<meta property=\"og:url\" content=\"https:\/\/www.sanguesa.es\/eu\/noticias\/hacia-el-8-de-marzo-dia-3-eva-bandres-inmunologa-y-farolera\/\" \/>\r\n<meta property=\"og:site_name\" content=\"Ayuntamiento Sang\u00fcesa \/ Zangozako Udala\" \/>\r\n<meta property=\"og:image\" content=\"https:\/\/www.sanguesa.es\/wp-content\/uploads\/2021\/03\/eva-badres-1-1-e1614789846825.jpg\" \/>\r\n\t<meta property=\"og:image:width\" content=\"265\" \/>\r\n\t<meta property=\"og:image:height\" content=\"189\" \/>\r\n\t<meta property=\"og:image:type\" content=\"image\/jpeg\" \/>\r\n<meta name=\"twitter:card\" content=\"summary_large_image\" \/>\r\n<meta name=\"twitter:label1\" content=\"Est. reading time\" \/>\n\t<meta name=\"twitter:data1\" content=\"4 minutes\" \/>\r\n<script type=\"application\/ld+json\" class=\"yoast-schema-graph\">{\"@context\":\"https:\\\/\\\/schema.org\",\"@graph\":[{\"@type\":\"WebPage\",\"@id\":\"https:\\\/\\\/www.sanguesa.es\\\/eu\\\/noticias\\\/hacia-el-8-de-marzo-dia-3-eva-bandres-inmunologa-y-farolera\\\/\",\"url\":\"https:\\\/\\\/www.sanguesa.es\\\/eu\\\/noticias\\\/hacia-el-8-de-marzo-dia-3-eva-bandres-inmunologa-y-farolera\\\/\",\"name\":\"Hacia el 8 de marzo, d\u00eda 3: Eva Bandr\u00e9s, inmun\u00f3loga y \\\"farolera\\\" - Ayuntamiento Sang\u00fcesa \\\/ Zangozako Udala\",\"isPartOf\":{\"@id\":\"https:\\\/\\\/www.sanguesa.es\\\/#website\"},\"primaryImageOfPage\":{\"@id\":\"https:\\\/\\\/www.sanguesa.es\\\/eu\\\/noticias\\\/hacia-el-8-de-marzo-dia-3-eva-bandres-inmunologa-y-farolera\\\/#primaryimage\"},\"image\":{\"@id\":\"https:\\\/\\\/www.sanguesa.es\\\/eu\\\/noticias\\\/hacia-el-8-de-marzo-dia-3-eva-bandres-inmunologa-y-farolera\\\/#primaryimage\"},\"thumbnailUrl\":\"https:\\\/\\\/www.sanguesa.es\\\/wp-content\\\/uploads\\\/2021\\\/03\\\/eva-badres-1-1-e1614789846825.jpg\",\"datePublished\":\"2021-03-03T17:42:22+00:00\",\"breadcrumb\":{\"@id\":\"https:\\\/\\\/www.sanguesa.es\\\/eu\\\/noticias\\\/hacia-el-8-de-marzo-dia-3-eva-bandres-inmunologa-y-farolera\\\/#breadcrumb\"},\"inLanguage\":\"eu-ES\",\"potentialAction\":[{\"@type\":\"ReadAction\",\"target\":[\"https:\\\/\\\/www.sanguesa.es\\\/eu\\\/noticias\\\/hacia-el-8-de-marzo-dia-3-eva-bandres-inmunologa-y-farolera\\\/\"]}]},{\"@type\":\"ImageObject\",\"inLanguage\":\"eu-ES\",\"@id\":\"https:\\\/\\\/www.sanguesa.es\\\/eu\\\/noticias\\\/hacia-el-8-de-marzo-dia-3-eva-bandres-inmunologa-y-farolera\\\/#primaryimage\",\"url\":\"https:\\\/\\\/www.sanguesa.es\\\/wp-content\\\/uploads\\\/2021\\\/03\\\/eva-badres-1-1-e1614789846825.jpg\",\"contentUrl\":\"https:\\\/\\\/www.sanguesa.es\\\/wp-content\\\/uploads\\\/2021\\\/03\\\/eva-badres-1-1-e1614789846825.jpg\",\"width\":265,\"height\":189},{\"@type\":\"BreadcrumbList\",\"@id\":\"https:\\\/\\\/www.sanguesa.es\\\/eu\\\/noticias\\\/hacia-el-8-de-marzo-dia-3-eva-bandres-inmunologa-y-farolera\\\/#breadcrumb\",\"itemListElement\":[{\"@type\":\"ListItem\",\"position\":1,\"name\":\"Portada\",\"item\":\"https:\\\/\\\/www.sanguesa.es\\\/\"},{\"@type\":\"ListItem\",\"position\":2,\"name\":\"Noticias\",\"item\":\"https:\\\/\\\/www.sanguesa.es\\\/noticias\\\/\"},{\"@type\":\"ListItem\",\"position\":3,\"name\":\"Hacia el 8 de marzo, d\u00eda 3: Eva Bandr\u00e9s, inmun\u00f3loga y &#8220;farolera&#8221;\"}]},{\"@type\":\"WebSite\",\"@id\":\"https:\\\/\\\/www.sanguesa.es\\\/#website\",\"url\":\"https:\\\/\\\/www.sanguesa.es\\\/\",\"name\":\"Ayuntamiento Sang\u00fcesa \\\/ Zangozako Udala\",\"description\":\"Sitio web del Ayuntamiento Sang\u00fcesa \\\/ Zangozako Udala\",\"potentialAction\":[{\"@type\":\"SearchAction\",\"target\":{\"@type\":\"EntryPoint\",\"urlTemplate\":\"https:\\\/\\\/www.sanguesa.es\\\/?s={search_term_string}\"},\"query-input\":{\"@type\":\"PropertyValueSpecification\",\"valueRequired\":true,\"valueName\":\"search_term_string\"}}],\"inLanguage\":\"eu-ES\"}]}<\/script>\r\n<!-- \/ Yoast SEO plugin. -->","yoast_head_json":{"title":"Hacia el 8 de marzo, d\u00eda 3: Eva Bandr\u00e9s, inmun\u00f3loga y \"farolera\" - Ayuntamiento Sang\u00fcesa \/ Zangozako Udala","robots":{"index":"index","follow":"follow","max-snippet":"max-snippet:-1","max-image-preview":"max-image-preview:large","max-video-preview":"max-video-preview:-1"},"canonical":"https:\/\/www.sanguesa.es\/eu\/noticias\/hacia-el-8-de-marzo-dia-3-eva-bandres-inmunologa-y-farolera\/","og_locale":"eu_ES","og_type":"article","og_title":"Hacia el 8 de marzo, d\u00eda 3: Eva Bandr\u00e9s, inmun\u00f3loga y \"farolera\" - Ayuntamiento Sang\u00fcesa \/ Zangozako Udala","og_description":"Soy Eva Bandr&eacute;s, sang&uuml;esina de 50 a&ntilde;os (de casa &ldquo;el real&rdquo; y &ldquo;anico&rdquo;). Tengo 3 hijos y soy cient&iacute;fica.A mis alumnas y alumnos de la universidad me presento como cient&iacute;fica y &ldquo;farolera&rdquo;&hellip; me representan ambas Eva &iquest;Qu&eacute; quer&iacute;as ser de peque&ntilde;a? Creo que pas&eacute; por distintas etapas. Inicialmente quer&iacute;a ser peluquera (me encantaba estar en [&hellip;]","og_url":"https:\/\/www.sanguesa.es\/eu\/noticias\/hacia-el-8-de-marzo-dia-3-eva-bandres-inmunologa-y-farolera\/","og_site_name":"Ayuntamiento Sang\u00fcesa \/ Zangozako Udala","og_image":[{"width":265,"height":189,"url":"https:\/\/www.sanguesa.es\/wp-content\/uploads\/2021\/03\/eva-badres-1-1-e1614789846825.jpg","type":"image\/jpeg"}],"twitter_card":"summary_large_image","twitter_misc":{"Est. reading time":"4 minutes"},"schema":{"@context":"https:\/\/schema.org","@graph":[{"@type":"WebPage","@id":"https:\/\/www.sanguesa.es\/eu\/noticias\/hacia-el-8-de-marzo-dia-3-eva-bandres-inmunologa-y-farolera\/","url":"https:\/\/www.sanguesa.es\/eu\/noticias\/hacia-el-8-de-marzo-dia-3-eva-bandres-inmunologa-y-farolera\/","name":"Hacia el 8 de marzo, d\u00eda 3: Eva Bandr\u00e9s, inmun\u00f3loga y \"farolera\" - Ayuntamiento Sang\u00fcesa \/ Zangozako Udala","isPartOf":{"@id":"https:\/\/www.sanguesa.es\/#website"},"primaryImageOfPage":{"@id":"https:\/\/www.sanguesa.es\/eu\/noticias\/hacia-el-8-de-marzo-dia-3-eva-bandres-inmunologa-y-farolera\/#primaryimage"},"image":{"@id":"https:\/\/www.sanguesa.es\/eu\/noticias\/hacia-el-8-de-marzo-dia-3-eva-bandres-inmunologa-y-farolera\/#primaryimage"},"thumbnailUrl":"https:\/\/www.sanguesa.es\/wp-content\/uploads\/2021\/03\/eva-badres-1-1-e1614789846825.jpg","datePublished":"2021-03-03T17:42:22+00:00","breadcrumb":{"@id":"https:\/\/www.sanguesa.es\/eu\/noticias\/hacia-el-8-de-marzo-dia-3-eva-bandres-inmunologa-y-farolera\/#breadcrumb"},"inLanguage":"eu-ES","potentialAction":[{"@type":"ReadAction","target":["https:\/\/www.sanguesa.es\/eu\/noticias\/hacia-el-8-de-marzo-dia-3-eva-bandres-inmunologa-y-farolera\/"]}]},{"@type":"ImageObject","inLanguage":"eu-ES","@id":"https:\/\/www.sanguesa.es\/eu\/noticias\/hacia-el-8-de-marzo-dia-3-eva-bandres-inmunologa-y-farolera\/#primaryimage","url":"https:\/\/www.sanguesa.es\/wp-content\/uploads\/2021\/03\/eva-badres-1-1-e1614789846825.jpg","contentUrl":"https:\/\/www.sanguesa.es\/wp-content\/uploads\/2021\/03\/eva-badres-1-1-e1614789846825.jpg","width":265,"height":189},{"@type":"BreadcrumbList","@id":"https:\/\/www.sanguesa.es\/eu\/noticias\/hacia-el-8-de-marzo-dia-3-eva-bandres-inmunologa-y-farolera\/#breadcrumb","itemListElement":[{"@type":"ListItem","position":1,"name":"Portada","item":"https:\/\/www.sanguesa.es\/"},{"@type":"ListItem","position":2,"name":"Noticias","item":"https:\/\/www.sanguesa.es\/noticias\/"},{"@type":"ListItem","position":3,"name":"Hacia el 8 de marzo, d\u00eda 3: Eva Bandr\u00e9s, inmun\u00f3loga y &#8220;farolera&#8221;"}]},{"@type":"WebSite","@id":"https:\/\/www.sanguesa.es\/#website","url":"https:\/\/www.sanguesa.es\/","name":"Ayuntamiento Sang\u00fcesa \/ Zangozako Udala","description":"Sitio web del Ayuntamiento Sang\u00fcesa \/ Zangozako Udala","potentialAction":[{"@type":"SearchAction","target":{"@type":"EntryPoint","urlTemplate":"https:\/\/www.sanguesa.es\/?s={search_term_string}"},"query-input":{"@type":"PropertyValueSpecification","valueRequired":true,"valueName":"search_term_string"}}],"inLanguage":"eu-ES"}]}},"_links":{"self":[{"href":"https:\/\/www.sanguesa.es\/eu\/wp-json\/wp\/v2\/noticias\/35749","targetHints":{"allow":["GET"]}}],"collection":[{"href":"https:\/\/www.sanguesa.es\/eu\/wp-json\/wp\/v2\/noticias"}],"about":[{"href":"https:\/\/www.sanguesa.es\/eu\/wp-json\/wp\/v2\/types\/noticias"}],"author":[{"embeddable":true,"href":"https:\/\/www.sanguesa.es\/eu\/wp-json\/wp\/v2\/users\/19095"}],"wp:featuredmedia":[{"embeddable":true,"href":"https:\/\/www.sanguesa.es\/eu\/wp-json\/wp\/v2\/media\/35752"}],"wp:attachment":[{"href":"https:\/\/www.sanguesa.es\/eu\/wp-json\/wp\/v2\/media?parent=35749"}],"curies":[{"name":"wp","href":"https:\/\/api.w.org\/{rel}","templated":true}]}}