{"id":35754,"date":"2021-03-04T10:26:23","date_gmt":"2021-03-04T10:26:23","guid":{"rendered":"http:\/\/serviciosdeportes.animsa.net\/news\/hacia-el-8-de-marzo-dia-4-laura-sola-presidenta-de-la-asamblea-de-cruz-roja-sanguesa\/"},"modified":"2021-03-04T10:26:23","modified_gmt":"2021-03-04T09:26:23","slug":"hacia-el-8-de-marzo-dia-4-laura-sola-presidenta-de-la-asamblea-de-cruz-roja-sanguesa","status":"publish","type":"noticias","link":"https:\/\/www.sanguesa.es\/eu\/noticias\/hacia-el-8-de-marzo-dia-4-laura-sola-presidenta-de-la-asamblea-de-cruz-roja-sanguesa\/","title":{"rendered":"Hacia el 8 de marzo, d\u00eda 4: Laura Sola, presidenta de la asamblea de Cruz Roja Sang\u00fcesa"},"content":{"rendered":"<?xml encoding=\"utf-8\" ?><p>Hoy vamos a conocer un poco m&aacute;s a Laura Sola, presidenta de la asamblea de Cruz Roja Sang&uuml;esa, puesto que ejerce de manera voluntaria desde 2018<\/p><p><em>Me llamo Laura Sola Mart&iacute;nez, soy auxiliar de enfermer&iacute;a, nac&iacute; en Sang&uuml;esa en Abril del 82, madre de dos hijas y trabajadora. Mis aficiones son el senderismo, el monte, la lectura y disfrutar de mi familia.<\/em><\/p><p>&nbsp;<\/p><ul>\n<li><strong>&iquest;En qu&eacute; consiste tu trabajo en Cruz Roja?<\/strong>\n<ul>\n<li><em>Llevo ejerciendo el voluntariado en Cruz Roja desde hace m&aacute;s de 20 a&ntilde;os. Comenc&eacute; por mi formaci&oacute;n en Socorros y Emergencias dentro de la ambulancia, el ayudar a los dem&aacute;s era algo que me nac&iacute;a, la adrenalina de las urgencias y la satisfacci&oacute;n de hacer un&nbsp; buen trabajo.&nbsp;<\/em><em>Siempre &nbsp;hab&iacute;a un buen ambiente de trabajo ya que el voluntariado nos une en un mismo fin. Cuando tuve a mi primera hija mi implicaci&oacute;n fue un poco menor, pero nunca me desvincul&eacute;, una vez que entras es dif&iacute;cil desenganchar del todo.<br>\n<\/em><em>Actualmente el desarrollo de Cruz Roja es cada vez mayor y aparte de los Socorros y Emergencia es algo m&aacute;s que una ONG y trabajamos con los sectores de poblaci&oacute;n m&aacute;s vulnerables dentro de un amplio marco de proyectos y programas.&nbsp;<\/em><\/li>\n<\/ul>\n<\/li>\n<\/ul><p>Cruz Roja Sang&uuml;esa mantiene convenios con el IES Sierra de Leyre de Sang&uuml;esa en su programa de &ldquo;Tiempos fuera&rdquo; y con la Residencia &ldquo;Vicente de Pa&uacute;l&rdquo; para acompa&ntilde;ar a los residentes que no pueden salir solos a pasear. Semanalmente contacta con personas que viven solas para saber c&oacute;mo se encuentran y hablar un poco, presta productos de apoyo como sillas de ruedas o andadores.&nbsp;Otro de sus trabajos es acompa&ntilde;ar a citas m&eacute;dicas a personas que no pueden ir solas pero no necesitan una ambulancia para hacerlo. Ofertan formaciones: una nueva oportunidad para quienes no completaron estudios, de formarse para empleos con demanda.&nbsp;Fundamental es su servicio de atenci&oacute;n y asesoramiento en materia de extranjer&iacute;a concertado con el Gobierno de Navarra. Cruz Roja Sang&uuml;esa gracias a su voluntariado participa en acciones de sensibilizaci&oacute;n sobre la Igualdad de hombres y mujeres, para la erradicaci&oacute;n de la violencia machista y en acciones y talleres para formar a j&oacute;venes en identificar este tipo de conductas y presta apoyo a las mujeres v&iacute;ctimas de violencia.&nbsp;Dispone de un equipo de respuesta inmediata ante emergencias: tiendas de campa&ntilde;a, mantas y jaymas que ponen a disposici&oacute;n tambi&eacute;n para cribados en estos tiempos de pandemia.<\/p><p>&nbsp;<\/p><ul>\n<li><strong>Laura y &iquest;por qu&eacute; Cruz Roja?<\/strong>\n<ul>\n<li><em>Es una organizaci&oacute;n que conozco muy bien desde peque&ntilde;a, mis padres siempre han estado vinculados a ella. Tengo un gran recuerdo de las horas invertidas de mi padre y del cari&ntilde;o que le pon&iacute;a a todo lo que hac&iacute;a, acabo cautiv&aacute;ndome a m&iacute; tambi&eacute;n, conoc&iacute;a de primera mano todos los proyectos que se realizaban.<\/em><\/li>\n<\/ul>\n<\/li>\n<\/ul><p>&nbsp;<\/p><ul>\n<li><strong>La labor voluntario\/a &iquest;crees que se valora socialmente?<\/strong>\n<ul>\n<li><em>En parte si, aunque pienso que existe un gran desconocimiento de todo lo que hacemos, eso hace que no se valore todo lo que deber&iacute;a valorarse.<\/em><\/li>\n<\/ul>\n<\/li>\n<\/ul><p>&nbsp;<\/p><ul>\n<li><strong>A ti te ha enganchado&hellip; &iquest;cu&aacute;l ha sido tu mayor satisfacci&oacute;n?<\/strong>\n<ul>\n<li><em>A m&iacute; me ha enganchado por muchas cosas. Los \/las compa&ntilde;eros\/as, al final se hace como una gran familia, el ayudar a otra personas y trabajar en pos de una sociedad m&aacute;s humanizada, un mundo mejor, y por supuesto el crecimiento personal que me llevo con cada acci&oacute;n y con lo que hacemos cada d&iacute;a.<\/em><\/li>\n<\/ul>\n<\/li>\n<\/ul><p>&nbsp;<\/p><ul>\n<li><strong>&iquest;En qu&eacute; consiste tu trabajo como presidenta de la Asamblea local&nbsp;de Cruz Roja Sang&uuml;esa? y &iquest;cu&aacute;ntas horas le dedicas? Tambi&eacute;n trabajas y tienes una familia &iquest;qu&eacute; opinan tus hijas de tu trabajo como voluntaria<\/strong>\n<ul>\n<li><em>La Asamblea Local de Cruz Roja Sang&uuml;esa cuenta con personal t&eacute;cnico, concretamente con una persona, que es quien realiza el trabajo t&eacute;cnico que requiere el desarrollo de los proyectos y programas que realiza Cruz Roja Navarra. Adapt&aacute;ndolos a la localidad, teniendo en cuenta los recursos humanos con los que disponemos (voluntariado), todos los programas y proyectos tienen que estar dotados por personal voluntario, ya que es el esp&iacute;ritu y uno de los principios de Cruz Roja.&nbsp;Mi trabajo consiste en apoyar la actividad de Cruz Roja, conocer los programas y proyectos, dar el visto bueno teniendo en cuenta los principios fundamentales, coordinarme interna y externamente, tanto como con el resto de Asambleas de Cruz Roja como con entidades y asociaciones de la localidad y comarca. Tambi&eacute;n me encargo de los presupuestos, captaci&oacute;n de fondos, formaci&oacute;n de voluntariado y gesti&oacute;n del mismo, junto con la t&eacute;cnica. El tiempo que dedico es relativo, seg&uacute;n necesidades, campa&ntilde;as y disposici&oacute;n, ya que a veces es presencial y otras veces a trav&eacute;s de herramientas digitales (trabajo desde casa). Todos los d&iacute;as dedico algo de mi tiempo.&nbsp;Mi familia y mis hijas tienen muy integrada mi relaci&oacute;n con Cruz Roja, incluso les hago part&iacute;cipes porque me parece bueno como valor a trabajar en su desarrollo personal. Se interesan y preguntan mucho por lo que hacemos y para qu&eacute; lo hacemos, incluso ayudan en alguna actividad.<\/em><\/li>\n<\/ul>\n<\/li>\n<\/ul><p>&nbsp;<\/p><ul>\n<li><strong>Puede que mujeres j&oacute;venes est&eacute;n leyendo tus palabras, &iquest;les animar&iacute;as a hacer voluntariado<\/strong>\n<ul>\n<li><em>Si, por supuesto, les animar&iacute;a a salir de su zona de confort, a venir a conocernos, ver los proyectos en los que trabajamos, el equipo de trabajo, los principios sobre los que se sustenta Cruz Roja, valores humanitarios, donde las personas son lo m&aacute;s importante, dentro del marco de los derechos humanos, sin ning&uacute;n tipo de distinci&oacute;n todos\/as somos iguales. Es muy satisfactorio poner tus conocimientos &nbsp;y un poquito de tu tiempo para y con los\/las dem&aacute;s personas de tu comunidad.&nbsp;Hacer algo diferente, que no cuesta dinero y que te hace crecer, existen muchos proyectos y programas diferentes donde todas tenemos cabida.<\/em><\/li>\n<\/ul>\n<\/li>\n<\/ul><p>Much&iacute;simas gracias Laura y enhorabuena por vuestra gran labor en un &aacute;mbito tan importante para la sociedad como el voluntariado. Eskerrik asko!<\/p><p><a href=\"http:\/\/www.sanguesa.es\/wp-content\/uploads\/2021\/03\/Imagen-3.jpg\" class=\"doc-link doc-jpg doc-group-image\"><img loading=\"lazy\" decoding=\"async\" class=\"alignnone size-full wp-image-23144\" src=\"http:\/\/www.sanguesa.es\/wp-content\/uploads\/2021\/03\/Imagen-3.jpg\" alt=\"\" width=\"165\" height=\"229\"><\/a> <a href=\"http:\/\/www.sanguesa.es\/wp-content\/uploads\/2021\/03\/PLANTILLA_FOTOS_NOTICIAS-1.jpg\" class=\"doc-link doc-jpg doc-group-image\"><img loading=\"lazy\" decoding=\"async\" class=\"alignnone wp-image-23174\" src=\"http:\/\/www.sanguesa.es\/wp-content\/uploads\/2021\/03\/PLANTILLA_FOTOS_NOTICIAS-1-300x142.jpg\" alt=\"\" width=\"505\" height=\"239\" srcset=\"https:\/\/www.sanguesa.es\/wp-content\/uploads\/2021\/03\/PLANTILLA_FOTOS_NOTICIAS-1-300x142.jpg 300w, https:\/\/www.sanguesa.es\/wp-content\/uploads\/2021\/03\/PLANTILLA_FOTOS_NOTICIAS-1-600x283.jpg 600w, https:\/\/www.sanguesa.es\/wp-content\/uploads\/2021\/03\/PLANTILLA_FOTOS_NOTICIAS-1.jpg 720w\" sizes=\"auto, (max-width: 505px) 100vw, 505px\"><\/a><\/p>\n","protected":false},"author":19095,"featured_media":35755,"template":"","format":"standard","meta":{"_wpml_word_count":["{\"total\":0,\"to_translate\":{\"eu\":1005,\"es\":1005}}"],"_wpml_media_featured":["1"],"_wpml_media_duplicate":["1"],"_thumbnail_id":["35755"],"_last_translation_edit_mode":["translation-editor"],"_qt_imported":["from-23194"],"sbg_selected_sidebar":["s:18:\"a:1:{i:0;s:1:\"0\";}\";"],"sbg_selected_sidebar_replacement":["s:17:\"a:1:{i:0;s:0:\"\";}\";"],"sbg_selected_sidebar_2":["s:18:\"a:1:{i:0;s:1:\"0\";}\";"],"sbg_selected_sidebar_2_replacement":["s:17:\"a:1:{i:0;s:0:\"\";}\";"],"_qt_links_fixed":["1"]},"class_list":["post-35754","noticias","type-noticias","status-publish","format-standard","has-post-thumbnail","hentry","categorianoticias-igualdad-eu"],"yoast_head":"<!-- This site is optimized with the Yoast SEO plugin v28.0 - https:\/\/yoast.com\/product\/yoast-seo-wordpress\/ -->\r\n<title>Hacia el 8 de marzo, d\u00eda 4: Laura Sola, presidenta de la asamblea de Cruz Roja Sang\u00fcesa - Ayuntamiento Sang\u00fcesa \/ Zangozako Udala<\/title>\r\n<meta name=\"robots\" content=\"index, follow, max-snippet:-1, max-image-preview:large, max-video-preview:-1\" \/>\r\n<link rel=\"canonical\" href=\"https:\/\/www.sanguesa.es\/eu\/noticias\/hacia-el-8-de-marzo-dia-4-laura-sola-presidenta-de-la-asamblea-de-cruz-roja-sanguesa\/\" \/>\r\n<meta property=\"og:locale\" content=\"eu_ES\" \/>\r\n<meta property=\"og:type\" content=\"article\" \/>\r\n<meta property=\"og:title\" content=\"Hacia el 8 de marzo, d\u00eda 4: Laura Sola, presidenta de la asamblea de Cruz Roja Sang\u00fcesa - Ayuntamiento Sang\u00fcesa \/ Zangozako Udala\" \/>\r\n<meta property=\"og:description\" content=\"Hoy vamos a conocer un poco m&aacute;s a Laura Sola, presidenta de la asamblea de Cruz Roja Sang&uuml;esa, puesto que ejerce de manera voluntaria desde 2018Me llamo Laura Sola Mart&iacute;nez, soy auxiliar de enfermer&iacute;a, nac&iacute; en Sang&uuml;esa en Abril del 82, madre de dos hijas y trabajadora. Mis aficiones son el senderismo, el monte, la [&hellip;]\" \/>\r\n<meta property=\"og:url\" content=\"https:\/\/www.sanguesa.es\/eu\/noticias\/hacia-el-8-de-marzo-dia-4-laura-sola-presidenta-de-la-asamblea-de-cruz-roja-sanguesa\/\" \/>\r\n<meta property=\"og:site_name\" content=\"Ayuntamiento Sang\u00fcesa \/ Zangozako Udala\" \/>\r\n<meta property=\"og:image\" content=\"https:\/\/www.sanguesa.es\/wp-content\/uploads\/2021\/03\/Laura.jpg\" \/>\r\n\t<meta property=\"og:image:width\" content=\"1080\" \/>\r\n\t<meta property=\"og:image:height\" content=\"719\" \/>\r\n\t<meta property=\"og:image:type\" content=\"image\/jpeg\" \/>\r\n<meta name=\"twitter:card\" content=\"summary_large_image\" \/>\r\n<meta name=\"twitter:label1\" content=\"Est. reading time\" \/>\n\t<meta name=\"twitter:data1\" content=\"5 minutes\" \/>\r\n<script type=\"application\/ld+json\" class=\"yoast-schema-graph\">{\"@context\":\"https:\\\/\\\/schema.org\",\"@graph\":[{\"@type\":\"WebPage\",\"@id\":\"https:\\\/\\\/www.sanguesa.es\\\/eu\\\/noticias\\\/hacia-el-8-de-marzo-dia-4-laura-sola-presidenta-de-la-asamblea-de-cruz-roja-sanguesa\\\/\",\"url\":\"https:\\\/\\\/www.sanguesa.es\\\/eu\\\/noticias\\\/hacia-el-8-de-marzo-dia-4-laura-sola-presidenta-de-la-asamblea-de-cruz-roja-sanguesa\\\/\",\"name\":\"Hacia el 8 de marzo, d\u00eda 4: Laura Sola, presidenta de la asamblea de Cruz Roja Sang\u00fcesa - Ayuntamiento Sang\u00fcesa \\\/ Zangozako Udala\",\"isPartOf\":{\"@id\":\"https:\\\/\\\/www.sanguesa.es\\\/#website\"},\"primaryImageOfPage\":{\"@id\":\"https:\\\/\\\/www.sanguesa.es\\\/eu\\\/noticias\\\/hacia-el-8-de-marzo-dia-4-laura-sola-presidenta-de-la-asamblea-de-cruz-roja-sanguesa\\\/#primaryimage\"},\"image\":{\"@id\":\"https:\\\/\\\/www.sanguesa.es\\\/eu\\\/noticias\\\/hacia-el-8-de-marzo-dia-4-laura-sola-presidenta-de-la-asamblea-de-cruz-roja-sanguesa\\\/#primaryimage\"},\"thumbnailUrl\":\"https:\\\/\\\/www.sanguesa.es\\\/wp-content\\\/uploads\\\/2021\\\/03\\\/Laura.jpg\",\"datePublished\":\"2021-03-04T10:26:23+00:00\",\"breadcrumb\":{\"@id\":\"https:\\\/\\\/www.sanguesa.es\\\/eu\\\/noticias\\\/hacia-el-8-de-marzo-dia-4-laura-sola-presidenta-de-la-asamblea-de-cruz-roja-sanguesa\\\/#breadcrumb\"},\"inLanguage\":\"eu-ES\",\"potentialAction\":[{\"@type\":\"ReadAction\",\"target\":[\"https:\\\/\\\/www.sanguesa.es\\\/eu\\\/noticias\\\/hacia-el-8-de-marzo-dia-4-laura-sola-presidenta-de-la-asamblea-de-cruz-roja-sanguesa\\\/\"]}]},{\"@type\":\"ImageObject\",\"inLanguage\":\"eu-ES\",\"@id\":\"https:\\\/\\\/www.sanguesa.es\\\/eu\\\/noticias\\\/hacia-el-8-de-marzo-dia-4-laura-sola-presidenta-de-la-asamblea-de-cruz-roja-sanguesa\\\/#primaryimage\",\"url\":\"https:\\\/\\\/www.sanguesa.es\\\/wp-content\\\/uploads\\\/2021\\\/03\\\/Laura.jpg\",\"contentUrl\":\"https:\\\/\\\/www.sanguesa.es\\\/wp-content\\\/uploads\\\/2021\\\/03\\\/Laura.jpg\",\"width\":1080,\"height\":719},{\"@type\":\"BreadcrumbList\",\"@id\":\"https:\\\/\\\/www.sanguesa.es\\\/eu\\\/noticias\\\/hacia-el-8-de-marzo-dia-4-laura-sola-presidenta-de-la-asamblea-de-cruz-roja-sanguesa\\\/#breadcrumb\",\"itemListElement\":[{\"@type\":\"ListItem\",\"position\":1,\"name\":\"Portada\",\"item\":\"https:\\\/\\\/www.sanguesa.es\\\/\"},{\"@type\":\"ListItem\",\"position\":2,\"name\":\"Noticias\",\"item\":\"https:\\\/\\\/www.sanguesa.es\\\/noticias\\\/\"},{\"@type\":\"ListItem\",\"position\":3,\"name\":\"Hacia el 8 de marzo, d\u00eda 4: Laura Sola, presidenta de la asamblea de Cruz Roja Sang\u00fcesa\"}]},{\"@type\":\"WebSite\",\"@id\":\"https:\\\/\\\/www.sanguesa.es\\\/#website\",\"url\":\"https:\\\/\\\/www.sanguesa.es\\\/\",\"name\":\"Ayuntamiento Sang\u00fcesa \\\/ Zangozako Udala\",\"description\":\"Sitio web del Ayuntamiento Sang\u00fcesa \\\/ Zangozako Udala\",\"potentialAction\":[{\"@type\":\"SearchAction\",\"target\":{\"@type\":\"EntryPoint\",\"urlTemplate\":\"https:\\\/\\\/www.sanguesa.es\\\/?s={search_term_string}\"},\"query-input\":{\"@type\":\"PropertyValueSpecification\",\"valueRequired\":true,\"valueName\":\"search_term_string\"}}],\"inLanguage\":\"eu-ES\"}]}<\/script>\r\n<!-- \/ Yoast SEO plugin. -->","yoast_head_json":{"title":"Hacia el 8 de marzo, d\u00eda 4: Laura Sola, presidenta de la asamblea de Cruz Roja Sang\u00fcesa - Ayuntamiento Sang\u00fcesa \/ Zangozako Udala","robots":{"index":"index","follow":"follow","max-snippet":"max-snippet:-1","max-image-preview":"max-image-preview:large","max-video-preview":"max-video-preview:-1"},"canonical":"https:\/\/www.sanguesa.es\/eu\/noticias\/hacia-el-8-de-marzo-dia-4-laura-sola-presidenta-de-la-asamblea-de-cruz-roja-sanguesa\/","og_locale":"eu_ES","og_type":"article","og_title":"Hacia el 8 de marzo, d\u00eda 4: Laura Sola, presidenta de la asamblea de Cruz Roja Sang\u00fcesa - Ayuntamiento Sang\u00fcesa \/ Zangozako Udala","og_description":"Hoy vamos a conocer un poco m&aacute;s a Laura Sola, presidenta de la asamblea de Cruz Roja Sang&uuml;esa, puesto que ejerce de manera voluntaria desde 2018Me llamo Laura Sola Mart&iacute;nez, soy auxiliar de enfermer&iacute;a, nac&iacute; en Sang&uuml;esa en Abril del 82, madre de dos hijas y trabajadora. Mis aficiones son el senderismo, el monte, la [&hellip;]","og_url":"https:\/\/www.sanguesa.es\/eu\/noticias\/hacia-el-8-de-marzo-dia-4-laura-sola-presidenta-de-la-asamblea-de-cruz-roja-sanguesa\/","og_site_name":"Ayuntamiento Sang\u00fcesa \/ Zangozako Udala","og_image":[{"width":1080,"height":719,"url":"https:\/\/www.sanguesa.es\/wp-content\/uploads\/2021\/03\/Laura.jpg","type":"image\/jpeg"}],"twitter_card":"summary_large_image","twitter_misc":{"Est. reading time":"5 minutes"},"schema":{"@context":"https:\/\/schema.org","@graph":[{"@type":"WebPage","@id":"https:\/\/www.sanguesa.es\/eu\/noticias\/hacia-el-8-de-marzo-dia-4-laura-sola-presidenta-de-la-asamblea-de-cruz-roja-sanguesa\/","url":"https:\/\/www.sanguesa.es\/eu\/noticias\/hacia-el-8-de-marzo-dia-4-laura-sola-presidenta-de-la-asamblea-de-cruz-roja-sanguesa\/","name":"Hacia el 8 de marzo, d\u00eda 4: Laura Sola, presidenta de la asamblea de Cruz Roja Sang\u00fcesa - Ayuntamiento Sang\u00fcesa \/ Zangozako Udala","isPartOf":{"@id":"https:\/\/www.sanguesa.es\/#website"},"primaryImageOfPage":{"@id":"https:\/\/www.sanguesa.es\/eu\/noticias\/hacia-el-8-de-marzo-dia-4-laura-sola-presidenta-de-la-asamblea-de-cruz-roja-sanguesa\/#primaryimage"},"image":{"@id":"https:\/\/www.sanguesa.es\/eu\/noticias\/hacia-el-8-de-marzo-dia-4-laura-sola-presidenta-de-la-asamblea-de-cruz-roja-sanguesa\/#primaryimage"},"thumbnailUrl":"https:\/\/www.sanguesa.es\/wp-content\/uploads\/2021\/03\/Laura.jpg","datePublished":"2021-03-04T10:26:23+00:00","breadcrumb":{"@id":"https:\/\/www.sanguesa.es\/eu\/noticias\/hacia-el-8-de-marzo-dia-4-laura-sola-presidenta-de-la-asamblea-de-cruz-roja-sanguesa\/#breadcrumb"},"inLanguage":"eu-ES","potentialAction":[{"@type":"ReadAction","target":["https:\/\/www.sanguesa.es\/eu\/noticias\/hacia-el-8-de-marzo-dia-4-laura-sola-presidenta-de-la-asamblea-de-cruz-roja-sanguesa\/"]}]},{"@type":"ImageObject","inLanguage":"eu-ES","@id":"https:\/\/www.sanguesa.es\/eu\/noticias\/hacia-el-8-de-marzo-dia-4-laura-sola-presidenta-de-la-asamblea-de-cruz-roja-sanguesa\/#primaryimage","url":"https:\/\/www.sanguesa.es\/wp-content\/uploads\/2021\/03\/Laura.jpg","contentUrl":"https:\/\/www.sanguesa.es\/wp-content\/uploads\/2021\/03\/Laura.jpg","width":1080,"height":719},{"@type":"BreadcrumbList","@id":"https:\/\/www.sanguesa.es\/eu\/noticias\/hacia-el-8-de-marzo-dia-4-laura-sola-presidenta-de-la-asamblea-de-cruz-roja-sanguesa\/#breadcrumb","itemListElement":[{"@type":"ListItem","position":1,"name":"Portada","item":"https:\/\/www.sanguesa.es\/"},{"@type":"ListItem","position":2,"name":"Noticias","item":"https:\/\/www.sanguesa.es\/noticias\/"},{"@type":"ListItem","position":3,"name":"Hacia el 8 de marzo, d\u00eda 4: Laura Sola, presidenta de la asamblea de Cruz Roja Sang\u00fcesa"}]},{"@type":"WebSite","@id":"https:\/\/www.sanguesa.es\/#website","url":"https:\/\/www.sanguesa.es\/","name":"Ayuntamiento Sang\u00fcesa \/ Zangozako Udala","description":"Sitio web del Ayuntamiento Sang\u00fcesa \/ Zangozako Udala","potentialAction":[{"@type":"SearchAction","target":{"@type":"EntryPoint","urlTemplate":"https:\/\/www.sanguesa.es\/?s={search_term_string}"},"query-input":{"@type":"PropertyValueSpecification","valueRequired":true,"valueName":"search_term_string"}}],"inLanguage":"eu-ES"}]}},"_links":{"self":[{"href":"https:\/\/www.sanguesa.es\/eu\/wp-json\/wp\/v2\/noticias\/35754","targetHints":{"allow":["GET"]}}],"collection":[{"href":"https:\/\/www.sanguesa.es\/eu\/wp-json\/wp\/v2\/noticias"}],"about":[{"href":"https:\/\/www.sanguesa.es\/eu\/wp-json\/wp\/v2\/types\/noticias"}],"author":[{"embeddable":true,"href":"https:\/\/www.sanguesa.es\/eu\/wp-json\/wp\/v2\/users\/19095"}],"wp:featuredmedia":[{"embeddable":true,"href":"https:\/\/www.sanguesa.es\/eu\/wp-json\/wp\/v2\/media\/35755"}],"wp:attachment":[{"href":"https:\/\/www.sanguesa.es\/eu\/wp-json\/wp\/v2\/media?parent=35754"}],"curies":[{"name":"wp","href":"https:\/\/api.w.org\/{rel}","templated":true}]}}