{"id":35994,"date":"2021-09-07T08:53:44","date_gmt":"2021-09-07T08:53:44","guid":{"rendered":"http:\/\/serviciosdeportes.animsa.net\/news\/jardin-del-homenaje\/"},"modified":"2021-09-07T08:53:44","modified_gmt":"2021-09-07T07:53:44","slug":"jardin-del-homenaje","status":"publish","type":"noticias","link":"https:\/\/www.sanguesa.es\/eu\/noticias\/jardin-del-homenaje\/","title":{"rendered":"Jard\u00edn del Homenaje"},"content":{"rendered":"<p>Durante el verano un grupo de personas voluntarias bajo la direcci\u00f3n de Fulgen Sutil (viverista) y Juan Mari Artazkoz (paisajista) han estado form\u00e1ndose en tipos de plantas y dise\u00f1o de jardines para dar forma a un nuevo jard\u00edn en <a href=\"http:\/\/www.sanguesa.es\/wp-content\/uploads\/2021\/09\/Imagen-1.jpg\"><img loading=\"lazy\" decoding=\"async\" class=\" wp-image-26902 alignright\" src=\"http:\/\/www.sanguesa.es\/wp-content\/uploads\/2021\/09\/Imagen-1-300x169.jpg\" alt=\"\" width=\"437\" height=\"246\" srcset=\"https:\/\/www.sanguesa.es\/wp-content\/uploads\/2021\/09\/Imagen-1-300x169.jpg 300w, https:\/\/www.sanguesa.es\/wp-content\/uploads\/2021\/09\/Imagen-1-768x433.jpg 768w, https:\/\/www.sanguesa.es\/wp-content\/uploads\/2021\/09\/Imagen-1-600x338.jpg 600w, https:\/\/www.sanguesa.es\/wp-content\/uploads\/2021\/09\/Imagen-1.jpg 947w\" sizes=\"(max-width: 437px) 100vw, 437px\" \/><\/a>auzolan.<\/p>\n<p>La plantaci\u00f3n se va a hacer en el c\u00e9sped del acceso al Centro de Salud que queda al lado de la verja de la Residencia Municipal. El lugar ha sido escogido porque con el jard\u00edn queremos recordar a las personas de quienes no pudimos despedirnos con normalidad, durante el confinamiento, reconocer y agradecer el trabajo de todas las personas que atendieron, cuidaron y acompa\u00f1aron a las dem\u00e1s en momentos de gran incertidumbre sobre su propia salud, con medios escasos y gran desconocimiento de la enfermedad.<\/p>\n<p>Todos hemos perdido con esta pandemia, mayores y peque\u00f1os hemos visto cambiada nuestra vida y hemos tenido que renunciar a muchas cosas. Tenemos ganas de volver a \u201cla normalidad\u201d y recuperar todo eso que echamos en falta, es natural. El aire libre est\u00e1 siendo nuestro aliado en estos momentos pues permite reuniones, conciertos, obras de teatro, comidas\u2026 y trabajar, en este caso, plantando este jard\u00edn que busca dar ese abrazo que llevamos conteniendo tantos meses.<\/p>\n<p>Este a\u00f1o el auzolan se ha abierto especialmente a las personas residentes en la casa de Anfas cuya colaboraci\u00f3n contribuir\u00e1 a <a href=\"http:\/\/www.sanguesa.es\/wp-content\/uploads\/2021\/09\/Imagen-2.jpg\"><img loading=\"lazy\" decoding=\"async\" class=\" wp-image-26903 alignright\" src=\"http:\/\/www.sanguesa.es\/wp-content\/uploads\/2021\/09\/Imagen-2-300x201.jpg\" alt=\"\" width=\"443\" height=\"297\" srcset=\"https:\/\/www.sanguesa.es\/wp-content\/uploads\/2021\/09\/Imagen-2-300x201.jpg 300w, https:\/\/www.sanguesa.es\/wp-content\/uploads\/2021\/09\/Imagen-2-768x514.jpg 768w, https:\/\/www.sanguesa.es\/wp-content\/uploads\/2021\/09\/Imagen-2-600x401.jpg 600w, https:\/\/www.sanguesa.es\/wp-content\/uploads\/2021\/09\/Imagen-2.jpg 776w\" sizes=\"(max-width: 443px) 100vw, 443px\" \/><\/a>crear un jard\u00edn m\u00e1s diverso.<\/p>\n<p>La experiencia del a\u00f1o pasado de la mano de la Asociaci\u00f3n Ardaska, ha sido muy bien recibida y esperamos que el nuevo jard\u00edn sea del agrado de todos. Incorporar\u00e1 tambi\u00e9n vivaces y gram\u00edneas que permitan durante todo el a\u00f1o tener \u201calgo que ver\u201d con tonos m\u00e1s suaves entre rosas, azules y lilas combinando plantas de mayor y menor altura, seg\u00fan el dise\u00f1o trabajado por las personas voluntarias. Han sido ocho sesiones de dos horas de duraci\u00f3n cada una y que comenzaron el 2 de junio para culminar el d\u00eda 15 de este mes, mi\u00e9rcoles, con la plantaci\u00f3n.<\/p>\n<p>&nbsp;<\/p>\n<p>&nbsp;<\/p>\n<p style=\"text-align: center\"><strong>\u00a1Est\u00e1s invitado! \u00a1Est\u00e1s invitada!\u00a0\u00a0\u00a0\u00a0\u00a0\u00a0\u00a0\u00a0\u00a0 <\/strong><\/p>\n<p>Para este proyecto el Ayuntamiento de Sang\u00fcesa-Zangoza cuenta con la ayuda del Departamento de Desarrollo Rural y Medioambiente del Gobierno de Navarra para la ejecuci\u00f3n de proyectos del Plan de Acci\u00f3n Local de la Agenda Local 21 y la colaboraci\u00f3n de la Asociaci\u00f3n ambientalista Ardaska y ANFAS Sang\u00fcesa.<\/p>\n<p><a href=\"http:\/\/www.sanguesa.es\/wp-content\/uploads\/2021\/09\/Imagen-5.jpg\"><img loading=\"lazy\" decoding=\"async\" class=\"alignnone  wp-image-26904\" src=\"http:\/\/www.sanguesa.es\/wp-content\/uploads\/2021\/09\/Imagen-5-300x66.jpg\" alt=\"\" width=\"395\" height=\"87\" srcset=\"https:\/\/www.sanguesa.es\/wp-content\/uploads\/2021\/09\/Imagen-5-300x66.jpg 300w, https:\/\/www.sanguesa.es\/wp-content\/uploads\/2021\/09\/Imagen-5.jpg 528w\" sizes=\"(max-width: 395px) 100vw, 395px\" \/><\/a> <a href=\"http:\/\/www.sanguesa.es\/wp-content\/uploads\/2021\/09\/Imagen-6.jpg\"><img loading=\"lazy\" decoding=\"async\" class=\"alignnone size-medium wp-image-26905\" src=\"http:\/\/www.sanguesa.es\/wp-content\/uploads\/2021\/09\/Imagen-6.jpg\" alt=\"\" width=\"184\" height=\"92\" \/><\/a> <a href=\"http:\/\/www.sanguesa.es\/wp-content\/uploads\/2021\/09\/Imagen-7.png\"><img loading=\"lazy\" decoding=\"async\" class=\"alignnone size-medium wp-image-26906\" src=\"http:\/\/www.sanguesa.es\/wp-content\/uploads\/2021\/09\/Imagen-7.png\" alt=\"\" width=\"272\" height=\"78\" \/><\/a><\/p>\n<p><a href=\"http:\/\/www.sanguesa.es\/wp-content\/uploads\/2021\/07\/Escudo-perfiles.jpg\"><img loading=\"lazy\" decoding=\"async\" class=\" wp-image-26260 aligncenter\" src=\"http:\/\/www.sanguesa.es\/wp-content\/uploads\/2021\/07\/Escudo-perfiles-300x300.jpg\" alt=\"\" width=\"398\" height=\"398\" srcset=\"https:\/\/www.sanguesa.es\/wp-content\/uploads\/2021\/07\/Escudo-perfiles-300x300.jpg 300w, https:\/\/www.sanguesa.es\/wp-content\/uploads\/2021\/07\/Escudo-perfiles-150x150.jpg 150w, https:\/\/www.sanguesa.es\/wp-content\/uploads\/2021\/07\/Escudo-perfiles-768x768.jpg 768w, https:\/\/www.sanguesa.es\/wp-content\/uploads\/2021\/07\/Escudo-perfiles-1024x1024.jpg 1024w, https:\/\/www.sanguesa.es\/wp-content\/uploads\/2021\/07\/Escudo-perfiles-600x600.jpg 600w, https:\/\/www.sanguesa.es\/wp-content\/uploads\/2021\/07\/Escudo-perfiles-200x200.jpg 200w, https:\/\/www.sanguesa.es\/wp-content\/uploads\/2021\/07\/Escudo-perfiles-66x66.jpg 66w, https:\/\/www.sanguesa.es\/wp-content\/uploads\/2021\/07\/Escudo-perfiles.jpg 1699w\" sizes=\"(max-width: 398px) 100vw, 398px\" \/><\/a><\/p>\n<p>Durante el verano un grupo de personas voluntarias bajo la direcci\u00f3n de Fulgen Sutil (viverista) y Juan Mari Artazkoz (paisajista) han estado form\u00e1ndose en tipos de plantas y dise\u00f1o de jardines para dar forma a un nuevo jard\u00edn en auzolan.<\/p>\n<p>La plantaci\u00f3n se va a hacer en el c\u00e9sped del acceso al Centro de Salud que queda al lado de la verja de la Residencia Municipal. El lugar ha sido escogido porque con el jard\u00edn queremos recordar a las personas de quienes no pudimos despedirnos con normalidad, durante el confinamiento, reconocer y agradecer el trabajo de todas las personas que atendieron, cuidaron y acompa\u00f1aron a las dem\u00e1s en momentos de gran incertidumbre sobre su propia salud, con medios escasos y gran desconocimiento de la enfermedad.<\/p>\n<p>Todos hemos perdido con esta pandemia, mayores y peque\u00f1os hemos visto cambiada nuestra vida y hemos tenido que renunciar a muchas cosas. Tenemos ganas de volver a \u201cla normalidad\u201d y recuperar todo eso que echamos en falta, es natural. El aire libre est\u00e1 siendo nuestro aliado en estos momentos pues permite reuniones, conciertos, obras de teatro, comidas\u2026 y trabajar, en este caso, plantando este jard\u00edn que busca dar ese abrazo que llevamos conteniendo tantos meses.<\/p>\n<p>Este a\u00f1o el auzolan se ha abierto especialmente a las personas residentes en la casa de Anfas cuya colaboraci\u00f3n contribuir\u00e1 a crear un jard\u00edn m\u00e1s diverso.<\/p>\n<p>La experiencia del a\u00f1o pasado de la mano de la Asociaci\u00f3n Ardaska, ha sido muy bien recibida y esperamos que el nuevo jard\u00edn sea del agrado de todos. Incorporar\u00e1 tambi\u00e9n vivaces y gram\u00edneas que permitan durante todo el a\u00f1o tener \u201calgo que ver\u201d con tonos m\u00e1s suaves entre rosas, azules y lilas combinando plantas de mayor y menor altura, seg\u00fan el dise\u00f1o trabajado por las personas voluntarias. Han sido ocho sesiones de dos horas de duraci\u00f3n cada una y que comenzaron el 2 de junio para culminar el d\u00eda 15 de este mes, mi\u00e9rcoles, con la plantaci\u00f3n.<\/p>\n<p style=\"text-align: center\"><strong>\u00a1Est\u00e1s invitado! \u00a1Est\u00e1s invitada!\u00a0\u00a0\u00a0\u00a0\u00a0\u00a0\u00a0\u00a0\u00a0 <\/strong><\/p>\n<p>Para este proyecto el Ayuntamiento de Sang\u00fcesa-Zangoza cuenta con la ayuda del Departamento de Desarrollo Rural y Medioambiente del Gobierno de Navarra para la ejecuci\u00f3n de proyectos del Plan de Acci\u00f3n Local de la Agenda Local 21 y la colaboraci\u00f3n de la Asociaci\u00f3n ambientalista Ardaska y ANFAS Sang\u00fcesa.<\/p>\n","protected":false},"author":19095,"featured_media":35995,"template":"","format":"standard","meta":{"_wpml_word_count":["{\"total\":0,\"to_translate\":{\"eu\":762,\"es\":762}}"],"_wpml_media_featured":["1"],"_wpml_media_duplicate":["1"],"_thumbnail_id":["35995"],"_last_translation_edit_mode":["translation-editor"],"_qt_imported":["from-26897"],"sbg_selected_sidebar":["s:18:\"a:1:{i:0;s:1:\"0\";}\";"],"sbg_selected_sidebar_replacement":["s:17:\"a:1:{i:0;s:0:\"\";}\";"],"sbg_selected_sidebar_2":["s:18:\"a:1:{i:0;s:1:\"0\";}\";"],"sbg_selected_sidebar_2_replacement":["s:17:\"a:1:{i:0;s:0:\"\";}\";"],"_qt_links_fixed":["1"]},"class_list":["post-35994","noticias","type-noticias","status-publish","format-standard","has-post-thumbnail","hentry","categorianoticias-medioambiente-eu","categorianoticias-salud-eu","categorianoticias-solidario-eu"],"yoast_head":"<!-- This site is optimized with the Yoast SEO plugin v22.3 - https:\/\/yoast.com\/wordpress\/plugins\/seo\/ -->\r\n<title>Jard\u00edn del Homenaje - Ayuntamiento Sang\u00fcesa \/ Zangozako Udala<\/title>\r\n<meta name=\"robots\" content=\"index, follow, max-snippet:-1, max-image-preview:large, max-video-preview:-1\" \/>\r\n<link rel=\"canonical\" href=\"https:\/\/www.sanguesa.es\/eu\/noticias\/jardin-del-homenaje\/\" \/>\r\n<meta property=\"og:locale\" content=\"eu_ES\" \/>\r\n<meta property=\"og:type\" content=\"article\" \/>\r\n<meta property=\"og:title\" content=\"Jard\u00edn del Homenaje - Ayuntamiento Sang\u00fcesa \/ Zangozako Udala\" \/>\r\n<meta property=\"og:description\" content=\"Durante el verano un grupo de personas voluntarias bajo la direcci\u00f3n de Fulgen Sutil (viverista) y Juan Mari Artazkoz (paisajista) han estado form\u00e1ndose en tipos de plantas y dise\u00f1o de jardines para dar forma a un nuevo jard\u00edn en auzolan. La plantaci\u00f3n se va a hacer en el c\u00e9sped del acceso al Centro de Salud [&hellip;]\" \/>\r\n<meta property=\"og:url\" content=\"https:\/\/www.sanguesa.es\/eu\/noticias\/jardin-del-homenaje\/\" \/>\r\n<meta property=\"og:site_name\" content=\"Ayuntamiento Sang\u00fcesa \/ Zangozako Udala\" \/>\r\n<meta property=\"article:modified_time\" content=\"2021-09-07T07:53:44+00:00\" \/>\r\n<meta property=\"og:image\" content=\"https:\/\/www.sanguesa.es\/wp-content\/uploads\/2021\/09\/portada.jpg\" \/>\r\n\t<meta property=\"og:image:width\" content=\"711\" \/>\r\n\t<meta property=\"og:image:height\" content=\"403\" \/>\r\n\t<meta property=\"og:image:type\" content=\"image\/jpeg\" \/>\r\n<meta name=\"twitter:card\" content=\"summary_large_image\" \/>\r\n<meta name=\"twitter:label1\" content=\"Est. reading time\" \/>\n\t<meta name=\"twitter:data1\" content=\"4 minutes\" \/>\r\n<script type=\"application\/ld+json\" class=\"yoast-schema-graph\">{\"@context\":\"https:\/\/schema.org\",\"@graph\":[{\"@type\":\"WebPage\",\"@id\":\"https:\/\/www.sanguesa.es\/eu\/noticias\/jardin-del-homenaje\/\",\"url\":\"https:\/\/www.sanguesa.es\/eu\/noticias\/jardin-del-homenaje\/\",\"name\":\"Jard\u00edn del Homenaje - Ayuntamiento Sang\u00fcesa \/ Zangozako Udala\",\"isPartOf\":{\"@id\":\"https:\/\/www.sanguesa.es\/#website\"},\"primaryImageOfPage\":{\"@id\":\"https:\/\/www.sanguesa.es\/eu\/noticias\/jardin-del-homenaje\/#primaryimage\"},\"image\":{\"@id\":\"https:\/\/www.sanguesa.es\/eu\/noticias\/jardin-del-homenaje\/#primaryimage\"},\"thumbnailUrl\":\"https:\/\/www.sanguesa.es\/wp-content\/uploads\/2021\/09\/portada.jpg\",\"datePublished\":\"2021-09-07T08:53:44+00:00\",\"dateModified\":\"2021-09-07T07:53:44+00:00\",\"breadcrumb\":{\"@id\":\"https:\/\/www.sanguesa.es\/eu\/noticias\/jardin-del-homenaje\/#breadcrumb\"},\"inLanguage\":\"eu-ES\",\"potentialAction\":[{\"@type\":\"ReadAction\",\"target\":[\"https:\/\/www.sanguesa.es\/eu\/noticias\/jardin-del-homenaje\/\"]}]},{\"@type\":\"ImageObject\",\"inLanguage\":\"eu-ES\",\"@id\":\"https:\/\/www.sanguesa.es\/eu\/noticias\/jardin-del-homenaje\/#primaryimage\",\"url\":\"https:\/\/www.sanguesa.es\/wp-content\/uploads\/2021\/09\/portada.jpg\",\"contentUrl\":\"https:\/\/www.sanguesa.es\/wp-content\/uploads\/2021\/09\/portada.jpg\",\"width\":711,\"height\":403},{\"@type\":\"BreadcrumbList\",\"@id\":\"https:\/\/www.sanguesa.es\/eu\/noticias\/jardin-del-homenaje\/#breadcrumb\",\"itemListElement\":[{\"@type\":\"ListItem\",\"position\":1,\"name\":\"Portada\",\"item\":\"https:\/\/www.sanguesa.es\/\"},{\"@type\":\"ListItem\",\"position\":2,\"name\":\"Noticias\",\"item\":\"https:\/\/www.sanguesa.es\/noticias\/\"},{\"@type\":\"ListItem\",\"position\":3,\"name\":\"Jard\u00edn del Homenaje\"}]},{\"@type\":\"WebSite\",\"@id\":\"https:\/\/www.sanguesa.es\/#website\",\"url\":\"https:\/\/www.sanguesa.es\/\",\"name\":\"Ayuntamiento Sang\u00fcesa \/ Zangozako Udala\",\"description\":\"Sitio web del Ayuntamiento Sang\u00fcesa \/ Zangozako Udala\",\"potentialAction\":[{\"@type\":\"SearchAction\",\"target\":{\"@type\":\"EntryPoint\",\"urlTemplate\":\"https:\/\/www.sanguesa.es\/?s={search_term_string}\"},\"query-input\":\"required name=search_term_string\"}],\"inLanguage\":\"eu-ES\"}]}<\/script>\r\n<!-- \/ Yoast SEO plugin. -->","yoast_head_json":{"title":"Jard\u00edn del Homenaje - Ayuntamiento Sang\u00fcesa \/ Zangozako Udala","robots":{"index":"index","follow":"follow","max-snippet":"max-snippet:-1","max-image-preview":"max-image-preview:large","max-video-preview":"max-video-preview:-1"},"canonical":"https:\/\/www.sanguesa.es\/eu\/noticias\/jardin-del-homenaje\/","og_locale":"eu_ES","og_type":"article","og_title":"Jard\u00edn del Homenaje - Ayuntamiento Sang\u00fcesa \/ Zangozako Udala","og_description":"Durante el verano un grupo de personas voluntarias bajo la direcci\u00f3n de Fulgen Sutil (viverista) y Juan Mari Artazkoz (paisajista) han estado form\u00e1ndose en tipos de plantas y dise\u00f1o de jardines para dar forma a un nuevo jard\u00edn en auzolan. La plantaci\u00f3n se va a hacer en el c\u00e9sped del acceso al Centro de Salud [&hellip;]","og_url":"https:\/\/www.sanguesa.es\/eu\/noticias\/jardin-del-homenaje\/","og_site_name":"Ayuntamiento Sang\u00fcesa \/ Zangozako Udala","article_modified_time":"2021-09-07T07:53:44+00:00","og_image":[{"width":711,"height":403,"url":"https:\/\/www.sanguesa.es\/wp-content\/uploads\/2021\/09\/portada.jpg","type":"image\/jpeg"}],"twitter_card":"summary_large_image","twitter_misc":{"Est. reading time":"4 minutes"},"schema":{"@context":"https:\/\/schema.org","@graph":[{"@type":"WebPage","@id":"https:\/\/www.sanguesa.es\/eu\/noticias\/jardin-del-homenaje\/","url":"https:\/\/www.sanguesa.es\/eu\/noticias\/jardin-del-homenaje\/","name":"Jard\u00edn del Homenaje - Ayuntamiento Sang\u00fcesa \/ Zangozako Udala","isPartOf":{"@id":"https:\/\/www.sanguesa.es\/#website"},"primaryImageOfPage":{"@id":"https:\/\/www.sanguesa.es\/eu\/noticias\/jardin-del-homenaje\/#primaryimage"},"image":{"@id":"https:\/\/www.sanguesa.es\/eu\/noticias\/jardin-del-homenaje\/#primaryimage"},"thumbnailUrl":"https:\/\/www.sanguesa.es\/wp-content\/uploads\/2021\/09\/portada.jpg","datePublished":"2021-09-07T08:53:44+00:00","dateModified":"2021-09-07T07:53:44+00:00","breadcrumb":{"@id":"https:\/\/www.sanguesa.es\/eu\/noticias\/jardin-del-homenaje\/#breadcrumb"},"inLanguage":"eu-ES","potentialAction":[{"@type":"ReadAction","target":["https:\/\/www.sanguesa.es\/eu\/noticias\/jardin-del-homenaje\/"]}]},{"@type":"ImageObject","inLanguage":"eu-ES","@id":"https:\/\/www.sanguesa.es\/eu\/noticias\/jardin-del-homenaje\/#primaryimage","url":"https:\/\/www.sanguesa.es\/wp-content\/uploads\/2021\/09\/portada.jpg","contentUrl":"https:\/\/www.sanguesa.es\/wp-content\/uploads\/2021\/09\/portada.jpg","width":711,"height":403},{"@type":"BreadcrumbList","@id":"https:\/\/www.sanguesa.es\/eu\/noticias\/jardin-del-homenaje\/#breadcrumb","itemListElement":[{"@type":"ListItem","position":1,"name":"Portada","item":"https:\/\/www.sanguesa.es\/"},{"@type":"ListItem","position":2,"name":"Noticias","item":"https:\/\/www.sanguesa.es\/noticias\/"},{"@type":"ListItem","position":3,"name":"Jard\u00edn del Homenaje"}]},{"@type":"WebSite","@id":"https:\/\/www.sanguesa.es\/#website","url":"https:\/\/www.sanguesa.es\/","name":"Ayuntamiento Sang\u00fcesa \/ Zangozako Udala","description":"Sitio web del Ayuntamiento Sang\u00fcesa \/ Zangozako Udala","potentialAction":[{"@type":"SearchAction","target":{"@type":"EntryPoint","urlTemplate":"https:\/\/www.sanguesa.es\/?s={search_term_string}"},"query-input":"required name=search_term_string"}],"inLanguage":"eu-ES"}]}},"_links":{"self":[{"href":"https:\/\/www.sanguesa.es\/eu\/wp-json\/wp\/v2\/noticias\/35994"}],"collection":[{"href":"https:\/\/www.sanguesa.es\/eu\/wp-json\/wp\/v2\/noticias"}],"about":[{"href":"https:\/\/www.sanguesa.es\/eu\/wp-json\/wp\/v2\/types\/noticias"}],"author":[{"embeddable":true,"href":"https:\/\/www.sanguesa.es\/eu\/wp-json\/wp\/v2\/users\/19095"}],"wp:featuredmedia":[{"embeddable":true,"href":"https:\/\/www.sanguesa.es\/eu\/wp-json\/wp\/v2\/media\/35995"}],"wp:attachment":[{"href":"https:\/\/www.sanguesa.es\/eu\/wp-json\/wp\/v2\/media?parent=35994"}],"curies":[{"name":"wp","href":"https:\/\/api.w.org\/{rel}","templated":true}]}}