{"id":36158,"date":"2022-01-25T13:02:21","date_gmt":"2022-01-25T13:02:21","guid":{"rendered":"http:\/\/serviciosdeportes.animsa.net\/news\/sanguesa-zangoza-acuerda-las-ayudas-a-la-cooperacion-al-desarrollo-internacional-y-a-la-accion-social-local\/"},"modified":"2022-01-25T13:02:21","modified_gmt":"2022-01-25T12:02:21","slug":"sanguesa-zangoza-acuerda-las-ayudas-a-la-cooperacion-al-desarrollo-internacional-y-a-la-accion-social-local","status":"publish","type":"noticias","link":"https:\/\/www.sanguesa.es\/eu\/noticias\/sanguesa-zangoza-acuerda-las-ayudas-a-la-cooperacion-al-desarrollo-internacional-y-a-la-accion-social-local\/","title":{"rendered":"Sang\u00fcesa \/ Zangoza acuerda las ayudas a la Cooperaci\u00f3n al desarrollo internacional y a la acci\u00f3n social local."},"content":{"rendered":"<p>En el \u00faltimo pleno de 2021 se aprobaron las ayudas a proyectos desarrollados por 12 entidades en diferentes pa\u00edses de Am\u00e9rica y \u00c1frica, un total de 33.093\u20ac que se destinar\u00e1n a la atenci\u00f3n de la salud, educaci\u00f3n, cuidado de personas mayores etc. Varios de estos proyectos son llevados a cabo por sang\u00fcesinos y sang\u00fcesinas desde hace a\u00f1os y la uni\u00f3n de su dedicaci\u00f3n y la ayuda econ\u00f3mica de sus vecinos de aqu\u00ed permite el mantenimiento y ampliaci\u00f3n de los mismos, imprescindibles ya antes, m\u00e1s ahora en medio de esta pandemia.<\/p>\n<table style=\"border-collapse: collapse;width: 100%\" border=\"1\">\n<tbody>\n<tr style=\"height: 24px\">\n<td style=\"width: 54.55944710365239%;text-align: center;height: 24px\">Entidad Beneficiaria<\/td>\n<td style=\"width: 1.2970168612191966%;text-align: center;height: 24px\">Puntos<\/td>\n<td style=\"width: 10.615650172612199%;text-align: center;height: 24px\">Valor punto<\/td>\n<td style=\"width: 15.266552636645725%;text-align: center;height: 24px\">Subvenci\u00f3n<\/td>\n<\/tr>\n<tr style=\"height: 24px\">\n<td style=\"width: 54.55944710365239%;height: 24px\">Pacha Salud Integral<\/td>\n<td style=\"width: 1.2970168612191966%;height: 24px;text-align: right\">88<\/td>\n<td style=\"width: 10.615650172612199%;height: 24px;text-align: right\">31,3084<\/td>\n<td style=\"width: 15.266552636645725%;height: 24px;text-align: right\">2.755,14 \u20ac<\/td>\n<\/tr>\n<tr style=\"height: 24px\">\n<td style=\"width: 54.55944710365239%;height: 24px\">Asociaci\u00f3n Navarra de Amigos del S\u00e1hara<\/td>\n<td style=\"width: 1.2970168612191966%;height: 24px;text-align: right\">100<\/td>\n<td style=\"width: 10.615650172612199%;height: 24px;text-align: right\">31,3084<\/td>\n<td style=\"width: 15.266552636645725%;height: 24px;text-align: right\">3.130,84 \u20ac<\/td>\n<\/tr>\n<tr style=\"height: 24px\">\n<td style=\"width: 54.55944710365239%;height: 24px\">The Holy Spirit Nuns. Comendadoras del Esp\u00edritu Santo<\/td>\n<td style=\"width: 1.2970168612191966%;height: 24px;text-align: right\">89<\/td>\n<td style=\"width: 10.615650172612199%;height: 24px;text-align: right\">31,3084<\/td>\n<td style=\"width: 15.266552636645725%;height: 24px;text-align: right\">2.786,45 \u20ac<\/td>\n<\/tr>\n<tr style=\"height: 24px\">\n<td style=\"width: 54.55944710365239%;height: 24px\">Asociaci\u00f3n ONG Aminata<\/td>\n<td style=\"width: 1.2970168612191966%;height: 24px;text-align: right\">91<\/td>\n<td style=\"width: 10.615650172612199%;height: 24px;text-align: right\">31,3084<\/td>\n<td style=\"width: 15.266552636645725%;height: 24px;text-align: right\">2.849,06 \u20ac<\/td>\n<\/tr>\n<tr style=\"height: 24px\">\n<td style=\"width: 54.55944710365239%;height: 24px\">Fundaci\u00f3n Juan Bona<\/td>\n<td style=\"width: 1.2970168612191966%;height: 24px;text-align: right\">96<\/td>\n<td style=\"width: 10.615650172612199%;height: 24px;text-align: right\">31,3084<\/td>\n<td style=\"width: 15.266552636645725%;height: 24px;text-align: right\">3.005,61 \u20ac<\/td>\n<\/tr>\n<tr style=\"height: 24px\">\n<td style=\"width: 54.55944710365239%;height: 24px\">ONG Sarean Mujeres en Red<\/td>\n<td style=\"width: 1.2970168612191966%;height: 24px;text-align: right\">84<\/td>\n<td style=\"width: 10.615650172612199%;height: 24px;text-align: right\">31,3084<\/td>\n<td style=\"width: 15.266552636645725%;height: 24px;text-align: right\">2.629,91 \u20ac<\/td>\n<\/tr>\n<tr style=\"height: 24px\">\n<td style=\"width: 54.55944710365239%;height: 24px\">Asociaci\u00f3n Nuevos Caminos<\/td>\n<td style=\"width: 1.2970168612191966%;height: 24px;text-align: right\">77<\/td>\n<td style=\"width: 10.615650172612199%;height: 24px;text-align: right\">31,3084<\/td>\n<td style=\"width: 15.266552636645725%;height: 24px;text-align: right\">2.410,75 \u20ac<\/td>\n<\/tr>\n<tr style=\"height: 24px\">\n<td style=\"width: 54.55944710365239%;height: 24px\">Colectivo El Salvador Elkartasuna<\/td>\n<td style=\"width: 1.2970168612191966%;height: 24px;text-align: right\">74<\/td>\n<td style=\"width: 10.615650172612199%;height: 24px;text-align: right\">31,3084<\/td>\n<td style=\"width: 15.266552636645725%;height: 24px;text-align: right\">2.316,82 \u20ac<\/td>\n<\/tr>\n<tr style=\"height: 24px\">\n<td style=\"width: 54.55944710365239%;height: 24px\">Asociaci\u00f3n Ayudemos a un Ni\u00f1o<\/td>\n<td style=\"width: 1.2970168612191966%;height: 24px;text-align: right\">85<\/td>\n<td style=\"width: 10.615650172612199%;height: 24px;text-align: right\">31,3084<\/td>\n<td style=\"width: 15.266552636645725%;height: 24px;text-align: right\">2.661,21 \u20ac<\/td>\n<\/tr>\n<tr style=\"height: 24px\">\n<td style=\"width: 54.55944710365239%;height: 24px\">Asociaci\u00f3n Navarra de Amigos de la RASD<\/td>\n<td style=\"width: 1.2970168612191966%;height: 24px;text-align: right\">98<\/td>\n<td style=\"width: 10.615650172612199%;height: 24px;text-align: right\">31,3084<\/td>\n<td style=\"width: 15.266552636645725%;height: 24px;text-align: right\">3.068,22 \u20ac<\/td>\n<\/tr>\n<tr>\n<td style=\"width: 54.55944710365239%\">Asociaci\u00f3n de Trabajadores y T\u00e9cnicos sin Fronteras<\/td>\n<td style=\"width: 1.2970168612191966%;text-align: right\">98<\/td>\n<td style=\"width: 10.615650172612199%;text-align: right\">31,3084<\/td>\n<td style=\"width: 15.266552636645725%;text-align: right\">3.068,22 \u20ac<\/td>\n<\/tr>\n<tr>\n<td style=\"width: 54.55944710365239%\">Asociaci\u00f3n Arquitectura sin Fronteras<\/td>\n<td style=\"width: 1.2970168612191966%;text-align: right\">77<\/td>\n<td style=\"width: 10.615650172612199%;text-align: right\">31,3084<\/td>\n<td style=\"width: 15.266552636645725%;text-align: right\">2.410,75 \u20ac<\/td>\n<\/tr>\n<tr>\n<td style=\"width: 54.55944710365239%\"><\/td>\n<td style=\"width: 1.2970168612191966%\"><\/td>\n<td style=\"width: 10.615650172612199%;text-align: right\"><\/td>\n<td style=\"width: 15.266552636645725%;text-align: right\">33.092,98 \u20ac<\/td>\n<\/tr>\n<\/tbody>\n<\/table>\n<p>&nbsp;<\/p>\n<ul>\n<li>La ONG &#8220;PACHA Salud integral&#8221; es un proyecto de la sang\u00fcesina Asun Moreo en Cochabamba\u00a0Bolivia para el desarrollo global de la poblaci\u00f3n: atenci\u00f3n m\u00e9dica, formaci\u00f3n en salud, atenci\u00f3n\u00a0psicol\u00f3gica en una zona en la que la emigraci\u00f3n conlleva la separaci\u00f3n de padres e hijos. Con la\u00a0ayuda de este a\u00f1o pretenden extender el apoyo a comunidades indigenas Chimanes en el\u00a0Departamento de Beni.<\/li>\n<li>La Asociaci\u00f3n Navarra de Amigos del Sahara canalizar\u00e1 la ayuda a crear un programa alternativo\u00a0al inicial de &#8220;Vacaciones en paz&#8221;, con actividades educativas, formativas, culturales y\u00a0deportivas as\u00ed como de sensibilizaci\u00f3n, extendi\u00e9ndose a j\u00f3venes hasta 16 a\u00f1os con la finalidad\u00a0de evitar que se alisten en el ej\u00e9rcito que es la idea que muchos de ellos tienen.<\/li>\n<li>The Holy Spirit Nuns es la casa que las Comendadoras del Esp\u00edritu Santo mantienen en Nairobi,\u00a0Kenia para atender a mujeres sin recursos. Parte de la ayuda municipal se dedicar\u00e1 a ampliar\u00a0los espacios de la casa para manejar la situaci\u00f3n creada por la pandemia.<\/li>\n<li>La Asociaci\u00f3n ONG Aminata para la educaci\u00f3n y la cultura llevar\u00e1 a cabo la cuarta fase de un\u00a0proyecto que ya se ha apoyado en a\u00f1os anteriores, la renovaci\u00f3n de una de las daraas (ser\u00e1 ya la\u00a0novena) en Saint Louis (Senegal) a la que acuden 125 ni\u00f1os los llamados\u00a0&#8220;ni\u00f1os mendigos&#8221;\u00a0excluidos socialmente, sin futuro personal ni profesional. Se construir\u00e1 un dormitorio con\u00a0materiales naturales y sostenibles acondicionamiento de los aseos y el espacio de estudio.<\/li>\n<li>La Fundaci\u00f3n Juan Bonal nos solicita ayuda para continuar con su trabajo en el Centro de\u00a0bienestar del anciano Mar\u00eda Rafois dirigido por las Hermanas de la caridad de Santa Ana en San\u00a0Andr\u00e9s, Santander, Colombia. Una buena parte de los fondos deben dedicarse a la prevenci\u00f3n de\u00a0la covid 19 y con el resto se adecuar\u00e1n la zona de almacenaje de la ropa. Los beneficiarios son\u00a0personas de entre 62 y 93 a\u00f1os en situaci\u00f3n de abandono o que no pueden ser atendidos por sus\u00a0familias.<\/li>\n<li>La ONGD Sarean Mujeres en red continuar\u00e1 el proyecto &#8220;Mujeres nuevas: desarrollo libre de\u00a0violencia para mujeres migrantes a la ciudad&#8221; en Chiapas, M\u00e9xico con la tasa m\u00e1s alta de\u00a0muerte materna del pa\u00eds. Para: acogida y primera atenci\u00f3n de la mujer, seguimiento del\u00a0embarazo, talleres de preparaci\u00f3n al parto, atenci\u00f3n del parto humanizado y el desarrollo de\u00a0TRAMA: trabajando el arte manual para el autoempleo. Realizan talleres para que esas mujeres\u00a0construyan una forma de desarrollo autogestiva y aut\u00f3noma.<\/li>\n<li>La Asociaci\u00f3n Nuevos Caminos realizar\u00e1 con la ayuda sang\u00fcesina el proyecto de &#8220;Promoci\u00f3n de la\u00a0reintegraci\u00f3n familiar en ni\u00f1os y adolescentes en riesgo de calle y en calle acogidos en Casa San\u00a0Jos\u00e9, Cochabamba, Bolivia&#8221;. Se trata de una casa de acogida temporal donde se procura un\u00a0desarrollo adecuado a estos ni\u00f1os y adolescentes y se encaminan a la reintegraci\u00f3n en su familia\u00a0si es considerado conveniente.<\/li>\n<li>El Colectivo El Salvador Elkartasauna pretende mejorar el abastecimiento de agua de la\u00a0comunidad San Francisco Echeverria y comunidades vecinas, alrededor de 1.100 habitantes que a\u00a0d\u00eda de hoy se abastecen directamente de un manantial de caudal escaso que se gestiona por un\u00a0comit\u00e9 que establece unas cuotas muy elevadas y no da servicio a todas las familias que lo\u00a0necesitan.<\/li>\n<li>La Asociaci\u00f3n sin \u00e1nimo de lucro Ayudemos a un ni\u00f1o solicita la ayuda para su proyecto de\u00a0fortalecimiento del programa de salud primaria, odontol\u00f3gica y preventiva por situaci\u00f3n de\u00a0Covid-19 en 21 centros escolares de zonas rurales y periurbanas en tres municipios de Nicaragua.\u00a0Pacientes por miedo al contagio no acuden a los servicios m\u00e9dicos y enfermedades end\u00e9micas\u00a0quedan en un segundo plano.<\/li>\n<li>La Asociaci\u00f3n de Trabajadores y T\u00e9cnicos sin fronteras ha presentado su proyecto\u00a0&#8220;Log\u00edstica\u00a0para el acceso a alimentos, agua y saneamiento para la poblaci\u00f3n refugiada saharaui&#8221; Se\u00a0pretende fortalecer las\u00a0capacidades del Centro Log\u00edstico Integral responsable\u00a0del\u00a0mantenimiento y reparaci\u00f3n de la flota de camiones y cisternas que prestan estos servicios a los\u00a0campamentos saharauis, en los que viven 173.600 personas. Se propone un programa de\u00a0asistencia t\u00e9cnica y formaci\u00f3n de personal local.<\/li>\n<li>La Asociaci\u00f3n Arquitectura Sin Fronteras Navarra nos ha solicitado ayuda para continuar su\u00a0proyecto de Rehabilitaci\u00f3n Hogar Maternal de Santa Rosa de Cop\u00e1n, Honduras. Las instalaciones\u00a0internas ya lo est\u00e1n y dedican la ayuda al acceso, per\u00edmetro, zona de jard\u00edn y huerta. El Hogar\u00a0Maternal permite la reducci\u00f3n de la mortalidad materna y perinatal mediante la atenci\u00f3n de la\u00a0embarazada los d\u00edas previos al parto y tras \u00e9ste en una poblaci\u00f3n campesina en situaci\u00f3n de\u00a0pobreza.<\/li>\n<\/ul>\n<p>La partida presupuestaria de acci\u00f3n social local se ha destinado por una parte a Anfas para el proyecto de atenci\u00f3n temprana que realiza desde hace a\u00f1os en Sang\u00fcesa. Una atenci\u00f3n que mejora las habilidades acad\u00e9micas, sociales y de comunicaci\u00f3n de ni\u00f1os y ni\u00f1as con discapacidad intelectual o del desarrollo.<br \/>\nY por otra a Esclerosis M\u00faltiple, asociaci\u00f3n navarra de personas afectadas por esta enfermedad y sus familias para ayudar a financiar las terapias que contribuyen a mejorar los muy distintos aspectos de la vida de estas personas afectadas por la enfermedad.<\/p>\n","protected":false},"author":19095,"featured_media":36159,"template":"","format":"standard","meta":{"_wpml_word_count":["{\"total\":0,\"to_translate\":{\"eu\":1078,\"es\":1078}}"],"_wpml_media_featured":["1"],"_wpml_media_duplicate":["1"],"_thumbnail_id":["36159"],"_last_translation_edit_mode":["translation-editor"],"_qt_imported":["from-30067"],"sbg_selected_sidebar":["s:18:\"a:1:{i:0;s:1:\"0\";}\";"],"sbg_selected_sidebar_replacement":["s:17:\"a:1:{i:0;s:0:\"\";}\";"],"sbg_selected_sidebar_2":["s:18:\"a:1:{i:0;s:1:\"0\";}\";"],"sbg_selected_sidebar_2_replacement":["s:17:\"a:1:{i:0;s:0:\"\";}\";"],"_qt_links_fixed":["1"]},"class_list":["post-36158","noticias","type-noticias","status-publish","format-standard","has-post-thumbnail","hentry","categorianoticias-solidario-eu"],"yoast_head":"<!-- This site is optimized with the Yoast SEO plugin v22.3 - https:\/\/yoast.com\/wordpress\/plugins\/seo\/ -->\r\n<title>Sang\u00fcesa \/ Zangoza acuerda las ayudas a la Cooperaci\u00f3n al desarrollo internacional y a la acci\u00f3n social local. - Ayuntamiento Sang\u00fcesa \/ Zangozako Udala<\/title>\r\n<meta name=\"robots\" content=\"index, follow, max-snippet:-1, max-image-preview:large, max-video-preview:-1\" \/>\r\n<link rel=\"canonical\" href=\"https:\/\/www.sanguesa.es\/eu\/noticias\/sanguesa-zangoza-acuerda-las-ayudas-a-la-cooperacion-al-desarrollo-internacional-y-a-la-accion-social-local\/\" \/>\r\n<meta property=\"og:locale\" content=\"eu_ES\" \/>\r\n<meta property=\"og:type\" content=\"article\" \/>\r\n<meta property=\"og:title\" content=\"Sang\u00fcesa \/ Zangoza acuerda las ayudas a la Cooperaci\u00f3n al desarrollo internacional y a la acci\u00f3n social local. - Ayuntamiento Sang\u00fcesa \/ Zangozako Udala\" \/>\r\n<meta property=\"og:description\" content=\"En el \u00faltimo pleno de 2021 se aprobaron las ayudas a proyectos desarrollados por 12 entidades en diferentes pa\u00edses de Am\u00e9rica y \u00c1frica, un total de 33.093\u20ac que se destinar\u00e1n a la atenci\u00f3n de la salud, educaci\u00f3n, cuidado de personas mayores etc. Varios de estos proyectos son llevados a cabo por sang\u00fcesinos y sang\u00fcesinas desde [&hellip;]\" \/>\r\n<meta property=\"og:url\" content=\"https:\/\/www.sanguesa.es\/eu\/noticias\/sanguesa-zangoza-acuerda-las-ayudas-a-la-cooperacion-al-desarrollo-internacional-y-a-la-accion-social-local\/\" \/>\r\n<meta property=\"og:site_name\" content=\"Ayuntamiento Sang\u00fcesa \/ Zangozako Udala\" \/>\r\n<meta property=\"article:modified_time\" content=\"2022-01-25T12:02:21+00:00\" \/>\r\n<meta property=\"og:image\" content=\"https:\/\/www.sanguesa.es\/wp-content\/uploads\/2020\/04\/ayuntamiento.jpg\" \/>\r\n\t<meta property=\"og:image:width\" content=\"959\" \/>\r\n\t<meta property=\"og:image:height\" content=\"640\" \/>\r\n\t<meta property=\"og:image:type\" content=\"image\/jpeg\" \/>\r\n<meta name=\"twitter:card\" content=\"summary_large_image\" \/>\r\n<meta name=\"twitter:label1\" content=\"Est. reading time\" \/>\n\t<meta name=\"twitter:data1\" content=\"5 minutes\" \/>\r\n<script type=\"application\/ld+json\" class=\"yoast-schema-graph\">{\"@context\":\"https:\/\/schema.org\",\"@graph\":[{\"@type\":\"WebPage\",\"@id\":\"https:\/\/www.sanguesa.es\/eu\/noticias\/sanguesa-zangoza-acuerda-las-ayudas-a-la-cooperacion-al-desarrollo-internacional-y-a-la-accion-social-local\/\",\"url\":\"https:\/\/www.sanguesa.es\/eu\/noticias\/sanguesa-zangoza-acuerda-las-ayudas-a-la-cooperacion-al-desarrollo-internacional-y-a-la-accion-social-local\/\",\"name\":\"Sang\u00fcesa \/ Zangoza acuerda las ayudas a la Cooperaci\u00f3n al desarrollo internacional y a la acci\u00f3n social local. - Ayuntamiento Sang\u00fcesa \/ Zangozako Udala\",\"isPartOf\":{\"@id\":\"https:\/\/www.sanguesa.es\/#website\"},\"primaryImageOfPage\":{\"@id\":\"https:\/\/www.sanguesa.es\/eu\/noticias\/sanguesa-zangoza-acuerda-las-ayudas-a-la-cooperacion-al-desarrollo-internacional-y-a-la-accion-social-local\/#primaryimage\"},\"image\":{\"@id\":\"https:\/\/www.sanguesa.es\/eu\/noticias\/sanguesa-zangoza-acuerda-las-ayudas-a-la-cooperacion-al-desarrollo-internacional-y-a-la-accion-social-local\/#primaryimage\"},\"thumbnailUrl\":\"https:\/\/www.sanguesa.es\/wp-content\/uploads\/2020\/04\/ayuntamiento.jpg\",\"datePublished\":\"2022-01-25T13:02:21+00:00\",\"dateModified\":\"2022-01-25T12:02:21+00:00\",\"breadcrumb\":{\"@id\":\"https:\/\/www.sanguesa.es\/eu\/noticias\/sanguesa-zangoza-acuerda-las-ayudas-a-la-cooperacion-al-desarrollo-internacional-y-a-la-accion-social-local\/#breadcrumb\"},\"inLanguage\":\"eu-ES\",\"potentialAction\":[{\"@type\":\"ReadAction\",\"target\":[\"https:\/\/www.sanguesa.es\/eu\/noticias\/sanguesa-zangoza-acuerda-las-ayudas-a-la-cooperacion-al-desarrollo-internacional-y-a-la-accion-social-local\/\"]}]},{\"@type\":\"ImageObject\",\"inLanguage\":\"eu-ES\",\"@id\":\"https:\/\/www.sanguesa.es\/eu\/noticias\/sanguesa-zangoza-acuerda-las-ayudas-a-la-cooperacion-al-desarrollo-internacional-y-a-la-accion-social-local\/#primaryimage\",\"url\":\"https:\/\/www.sanguesa.es\/wp-content\/uploads\/2020\/04\/ayuntamiento.jpg\",\"contentUrl\":\"https:\/\/www.sanguesa.es\/wp-content\/uploads\/2020\/04\/ayuntamiento.jpg\",\"width\":959,\"height\":640,\"caption\":\"Foto: Sonia Senosiain\"},{\"@type\":\"BreadcrumbList\",\"@id\":\"https:\/\/www.sanguesa.es\/eu\/noticias\/sanguesa-zangoza-acuerda-las-ayudas-a-la-cooperacion-al-desarrollo-internacional-y-a-la-accion-social-local\/#breadcrumb\",\"itemListElement\":[{\"@type\":\"ListItem\",\"position\":1,\"name\":\"Portada\",\"item\":\"https:\/\/www.sanguesa.es\/\"},{\"@type\":\"ListItem\",\"position\":2,\"name\":\"Noticias\",\"item\":\"https:\/\/www.sanguesa.es\/noticias\/\"},{\"@type\":\"ListItem\",\"position\":3,\"name\":\"Sang\u00fcesa \/ Zangoza acuerda las ayudas a la Cooperaci\u00f3n al desarrollo internacional y a la acci\u00f3n social local.\"}]},{\"@type\":\"WebSite\",\"@id\":\"https:\/\/www.sanguesa.es\/#website\",\"url\":\"https:\/\/www.sanguesa.es\/\",\"name\":\"Ayuntamiento Sang\u00fcesa \/ Zangozako Udala\",\"description\":\"Sitio web del Ayuntamiento Sang\u00fcesa \/ Zangozako Udala\",\"potentialAction\":[{\"@type\":\"SearchAction\",\"target\":{\"@type\":\"EntryPoint\",\"urlTemplate\":\"https:\/\/www.sanguesa.es\/?s={search_term_string}\"},\"query-input\":\"required name=search_term_string\"}],\"inLanguage\":\"eu-ES\"}]}<\/script>\r\n<!-- \/ Yoast SEO plugin. -->","yoast_head_json":{"title":"Sang\u00fcesa \/ Zangoza acuerda las ayudas a la Cooperaci\u00f3n al desarrollo internacional y a la acci\u00f3n social local. - Ayuntamiento Sang\u00fcesa \/ Zangozako Udala","robots":{"index":"index","follow":"follow","max-snippet":"max-snippet:-1","max-image-preview":"max-image-preview:large","max-video-preview":"max-video-preview:-1"},"canonical":"https:\/\/www.sanguesa.es\/eu\/noticias\/sanguesa-zangoza-acuerda-las-ayudas-a-la-cooperacion-al-desarrollo-internacional-y-a-la-accion-social-local\/","og_locale":"eu_ES","og_type":"article","og_title":"Sang\u00fcesa \/ Zangoza acuerda las ayudas a la Cooperaci\u00f3n al desarrollo internacional y a la acci\u00f3n social local. - Ayuntamiento Sang\u00fcesa \/ Zangozako Udala","og_description":"En el \u00faltimo pleno de 2021 se aprobaron las ayudas a proyectos desarrollados por 12 entidades en diferentes pa\u00edses de Am\u00e9rica y \u00c1frica, un total de 33.093\u20ac que se destinar\u00e1n a la atenci\u00f3n de la salud, educaci\u00f3n, cuidado de personas mayores etc. Varios de estos proyectos son llevados a cabo por sang\u00fcesinos y sang\u00fcesinas desde [&hellip;]","og_url":"https:\/\/www.sanguesa.es\/eu\/noticias\/sanguesa-zangoza-acuerda-las-ayudas-a-la-cooperacion-al-desarrollo-internacional-y-a-la-accion-social-local\/","og_site_name":"Ayuntamiento Sang\u00fcesa \/ Zangozako Udala","article_modified_time":"2022-01-25T12:02:21+00:00","og_image":[{"width":959,"height":640,"url":"https:\/\/www.sanguesa.es\/wp-content\/uploads\/2020\/04\/ayuntamiento.jpg","type":"image\/jpeg"}],"twitter_card":"summary_large_image","twitter_misc":{"Est. reading time":"5 minutes"},"schema":{"@context":"https:\/\/schema.org","@graph":[{"@type":"WebPage","@id":"https:\/\/www.sanguesa.es\/eu\/noticias\/sanguesa-zangoza-acuerda-las-ayudas-a-la-cooperacion-al-desarrollo-internacional-y-a-la-accion-social-local\/","url":"https:\/\/www.sanguesa.es\/eu\/noticias\/sanguesa-zangoza-acuerda-las-ayudas-a-la-cooperacion-al-desarrollo-internacional-y-a-la-accion-social-local\/","name":"Sang\u00fcesa \/ Zangoza acuerda las ayudas a la Cooperaci\u00f3n al desarrollo internacional y a la acci\u00f3n social local. - Ayuntamiento Sang\u00fcesa \/ Zangozako Udala","isPartOf":{"@id":"https:\/\/www.sanguesa.es\/#website"},"primaryImageOfPage":{"@id":"https:\/\/www.sanguesa.es\/eu\/noticias\/sanguesa-zangoza-acuerda-las-ayudas-a-la-cooperacion-al-desarrollo-internacional-y-a-la-accion-social-local\/#primaryimage"},"image":{"@id":"https:\/\/www.sanguesa.es\/eu\/noticias\/sanguesa-zangoza-acuerda-las-ayudas-a-la-cooperacion-al-desarrollo-internacional-y-a-la-accion-social-local\/#primaryimage"},"thumbnailUrl":"https:\/\/www.sanguesa.es\/wp-content\/uploads\/2020\/04\/ayuntamiento.jpg","datePublished":"2022-01-25T13:02:21+00:00","dateModified":"2022-01-25T12:02:21+00:00","breadcrumb":{"@id":"https:\/\/www.sanguesa.es\/eu\/noticias\/sanguesa-zangoza-acuerda-las-ayudas-a-la-cooperacion-al-desarrollo-internacional-y-a-la-accion-social-local\/#breadcrumb"},"inLanguage":"eu-ES","potentialAction":[{"@type":"ReadAction","target":["https:\/\/www.sanguesa.es\/eu\/noticias\/sanguesa-zangoza-acuerda-las-ayudas-a-la-cooperacion-al-desarrollo-internacional-y-a-la-accion-social-local\/"]}]},{"@type":"ImageObject","inLanguage":"eu-ES","@id":"https:\/\/www.sanguesa.es\/eu\/noticias\/sanguesa-zangoza-acuerda-las-ayudas-a-la-cooperacion-al-desarrollo-internacional-y-a-la-accion-social-local\/#primaryimage","url":"https:\/\/www.sanguesa.es\/wp-content\/uploads\/2020\/04\/ayuntamiento.jpg","contentUrl":"https:\/\/www.sanguesa.es\/wp-content\/uploads\/2020\/04\/ayuntamiento.jpg","width":959,"height":640,"caption":"Foto: Sonia Senosiain"},{"@type":"BreadcrumbList","@id":"https:\/\/www.sanguesa.es\/eu\/noticias\/sanguesa-zangoza-acuerda-las-ayudas-a-la-cooperacion-al-desarrollo-internacional-y-a-la-accion-social-local\/#breadcrumb","itemListElement":[{"@type":"ListItem","position":1,"name":"Portada","item":"https:\/\/www.sanguesa.es\/"},{"@type":"ListItem","position":2,"name":"Noticias","item":"https:\/\/www.sanguesa.es\/noticias\/"},{"@type":"ListItem","position":3,"name":"Sang\u00fcesa \/ Zangoza acuerda las ayudas a la Cooperaci\u00f3n al desarrollo internacional y a la acci\u00f3n social local."}]},{"@type":"WebSite","@id":"https:\/\/www.sanguesa.es\/#website","url":"https:\/\/www.sanguesa.es\/","name":"Ayuntamiento Sang\u00fcesa \/ Zangozako Udala","description":"Sitio web del Ayuntamiento Sang\u00fcesa \/ Zangozako Udala","potentialAction":[{"@type":"SearchAction","target":{"@type":"EntryPoint","urlTemplate":"https:\/\/www.sanguesa.es\/?s={search_term_string}"},"query-input":"required name=search_term_string"}],"inLanguage":"eu-ES"}]}},"_links":{"self":[{"href":"https:\/\/www.sanguesa.es\/eu\/wp-json\/wp\/v2\/noticias\/36158"}],"collection":[{"href":"https:\/\/www.sanguesa.es\/eu\/wp-json\/wp\/v2\/noticias"}],"about":[{"href":"https:\/\/www.sanguesa.es\/eu\/wp-json\/wp\/v2\/types\/noticias"}],"author":[{"embeddable":true,"href":"https:\/\/www.sanguesa.es\/eu\/wp-json\/wp\/v2\/users\/19095"}],"wp:featuredmedia":[{"embeddable":true,"href":"https:\/\/www.sanguesa.es\/eu\/wp-json\/wp\/v2\/media\/36159"}],"wp:attachment":[{"href":"https:\/\/www.sanguesa.es\/eu\/wp-json\/wp\/v2\/media?parent=36158"}],"curies":[{"name":"wp","href":"https:\/\/api.w.org\/{rel}","templated":true}]}}