{"id":36169,"date":"2022-02-18T12:31:12","date_gmt":"2022-02-18T12:31:12","guid":{"rendered":"http:\/\/serviciosdeportes.animsa.net\/news\/sanguesa-antes-del-fuero-y-con-el-fuero-por-fermin-miranda\/"},"modified":"2022-02-18T12:31:12","modified_gmt":"2022-02-18T11:31:12","slug":"sanguesa-antes-del-fuero-y-con-el-fuero-por-fermin-miranda","status":"publish","type":"noticias","link":"https:\/\/www.sanguesa.es\/eu\/noticias\/sanguesa-antes-del-fuero-y-con-el-fuero-por-fermin-miranda\/","title":{"rendered":"&#8220;Sang\u00fcesa antes del Fuero, y con el Fuero&#8221; por Ferm\u00edn Miranda"},"content":{"rendered":"<p>Fermin Miranda, profesor Titular de Historia Medieval en la Universidad Aut\u00f3noma de Madrid desde 2007. Sus temas de investigaci\u00f3n se centran de modo fundamental, en cuestiones relativas a la construcci\u00f3n de los modelos ideol\u00f3gicos del poder pol\u00edtico y, en otras l\u00edneas de trabajo anteriores o paralelas, en torno a los grupos sociales no privilegiados. En los \u00faltimos a\u00f1os sus estudios se han centrado en la relaci\u00f3n entre cron\u00edstica y construcci\u00f3n ideol\u00f3gica.<\/p>\n<p>Ha participado, como investigador principal o como miembro del equipo en m\u00e1s de veinte proyectos financiados nacionales e internacionales. Como resultado de todo ello, es autor o coautor de un centenar de trabajos de car\u00e1cter cient\u00edfico.<\/p>\n<p>Licenciado en Filosof\u00eda y Letras (Geograf\u00eda e Historia), por la Universidad de Navarra y Doctor en Filosof\u00eda y Letras (Historia) en 1992 por la misma universidad. Ha sido Profesor Asociado en la Universidad P\u00fablica de Navarra (1995-2001) y Profesor Asociado (2001-2003), Profesor Contratado Doctor (2003-2006) y Profesor Titular Interino (2006-2007) en la UAM.<\/p>\n<p>En la conferencia impartida el jueves 17 de febrero, Ferm\u00edn Miranda puso en contexto la situaci\u00f3n del Reino de Navarra antes del Otorgamiento del Fuero de Jaca al Burgo Nuevo de Sang\u00fcesa en 1122 por Alfonso el Batallador. En este contexto, con la situaci\u00f3n de las fronteras del Reino, la concesi\u00f3n del Fuero de Jaca a localidades como Estella o la misma Jaca y la situaci\u00f3n geogr\u00e1fica de Sang\u00fcesa plante\u00f3 varias cuestiones como la posibilidad de que la concesi\u00f3n del Fuero al antiguo asentamiento de Sang\u00fcesa no fuera en 1090 sino el mismo a\u00f1o que se concedi\u00f3 a Estella y Jaca: a\u00f1o 1076. As\u00ed mismo, plante\u00f3 la posibilidad que dicho Fuero se pudo conceder a otro asentamiento diferente al que hasta la fecha se ha dado por sentado.<\/p>\n<p>Sigui\u00f3 poniendo de relevancia la importancia geogr\u00e1fica de la actual Sang\u00fcesa y los motivos por los que llevaron a conceder el Fuero de 1122 al nuevo asentamiento presentando abundante documentaci\u00f3n como mapas, transcripciones del Fuero, etc.<\/p>\n<p>Puedes ver la conferencia \u00edntegra en el canal de YouTube del Ayuntamiento de Sang\u00fcesa \/ Zangoza (debido a problemas t\u00e9cnicos hubo que utilizar un dispositivo m\u00f3vil para la grabaci\u00f3n, pedimos disculpas por la calidad del video):<\/p>\n<p><a href=\"https:\/\/youtu.be\/I71v8J3T27M\">https:\/\/youtu.be\/I71v8J3T27M<\/a><\/p>\n<p><iframe loading=\"lazy\" title=\"Sang\u00fcesa antes del fuero, y con el fuero (pedimos disculpas por la calidad del v\u00eddeo)\" width=\"500\" height=\"281\" src=\"https:\/\/www.youtube.com\/embed\/I71v8J3T27M?feature=oembed\" frameborder=\"0\" allow=\"accelerometer; autoplay; clipboard-write; encrypted-media; gyroscope; picture-in-picture; web-share\" referrerpolicy=\"strict-origin-when-cross-origin\" allowfullscreen><\/iframe><\/p>\n<p>Transcripciones de documentos hist\u00f3ricos que hacen referencia al fuero:<\/p>\n<blockquote><p><em>Sub Christi nomine et eius diuina clemencia. Ego Alfonsus, Dei gratia imperator, facio hanc cartam donacionis et confirmacionis vobis totos francos et ad totosalios populatores qui estis populatos in illo burgo de Sangossa et qui in anteaveneritis ibi populare. Placuit mihi libenti animo et spontanea voluntate, et pro amore quod bene ibi populetis, concedo vobis quod habeatis solutos illosterminos in circuitu, videlicet de Pynna et de Ulle, ut pascant ibi uestras bestias sine calonia, et in illos de Aibar, similiter.<\/em><\/p>\n<p><em>Et concedo vobis totos illos fueros quos dedit uobis pater meus \u2014cui sitrequies\u2014 quando primum populastis ibi, de leztas et de totas alias causas per tota mea terra.<\/em><\/p>\n<p><em>Et quod habeatis totum hoc donatiuum, sicut superius scriptum est, liberum et firmum et securum vos et filii vestri racionis generacio vestra, salua mea fidelitate et de mea posteritate per cuncta secula, amen.<\/em><\/p>\n<p><em>Signum imperatoris Adefonsi.<\/em><\/p>\n<p><em>Facta carta in era milessima.C. quinquagesima [quinta], in mense februario, in billa que dicitur Termas.<\/em><\/p><\/blockquote>\n<p>&nbsp;<\/p>\n<blockquote><p><em>Sub Christi nomine et eius diuina clementia. Ego quidem Adeffonsus, gratia Dei imperator. Placuit michi libenti animo et spontanea uoluntate, et facio hanccartam uobis totos populatores de Sangossa de illo burgo nouo prope illo ponte iuxta illo meo palatio qui modo estis et in antea ibi ueneritis populare, ut faciatisibi burgo in illa uia que uadit contra Ulle. Et dono uobis foro quale dedit patermeus rex dompno Sancii \u2014cui sit requies\u2014 ad illos populatores de illo burgo uiello. Et dono uobis termino de illa uia que uadit contra Cortes in iusso usque ad flumen de Aragon toto illo heremo. Et dono uobis quantos quod ibi populaueritisut comparetis in illo termino de Sangossa uel ubi melius potueritis et abeatisillum franchum et liberum et ingenuum uos et filii uestri et omnis generatio uelposteritas uestra, salua mea fidelitate et de mea posteritate per secula cuncta, amen. Et similiter dono uobis tayllare et lignare in illo monte et in illa silua de Bio\u00e7al et in illa silua de Sancti Saluatoris de Leyre et in illo monte de Pinna.<\/em><\/p>\n<p><em>Et nullus homo qui habuerit hereditate in illo burgo uiello, non uolo ut populet in illo burgo nouo neque nullo infan\u00e7on de mea terra.<\/em><\/p>\n<p><em>Similiter dono ibi ad Fortuyno Garceiz Caxal uno casale et alio casale ad AthoFortuynon, meo merino.<\/em><\/p>\n<p><em>Et uolo ut non habeatis alium seynorem si non me [\u2026] Et dono a Garcia Lopiz, meo merino, uno casale. Similiter dono uobis lignare et tayllare et pascuere in illos montes de Ayuar et de Lombier et in illos alios montes de illas uillas in circuitu de Sangossa quantum potueritis in uno die andare et tornare.<\/em><\/p>\n<p><em>Factam hanc cartam in mense febroario, in era M.C.LX.<\/em><\/p><\/blockquote>\n<p>Fermin Miranda, profesor Titular de Historia Medieval en la Universidad Aut\u00f3noma de Madrid desde 2007. Sus temas de investigaci\u00f3n se centran de modo fundamental, en cuestiones relativas a la construcci\u00f3n de los modelos ideol\u00f3gicos del poder pol\u00edtico y, en otras l\u00edneas de trabajo anteriores o paralelas, en torno a los grupos sociales no privilegiados. En los \u00faltimos a\u00f1os sus estudios se han centrado en la relaci\u00f3n entre cron\u00edstica y construcci\u00f3n ideol\u00f3gica.<\/p>\n<p>Ha participado, como investigador principal o como miembro del equipo en m\u00e1s de veinte proyectos financiados nacionales e internacionales. Como resultado de todo ello, es autor o coautor de un centenar de trabajos de car\u00e1cter cient\u00edfico.<\/p>\n<p>Licenciado en Filosof\u00eda y Letras (Geograf\u00eda e Historia), por la Universidad de Navarra y Doctor en Filosof\u00eda y Letras (Historia) en 1992 por la misma universidad. Ha sido Profesor Asociado en la Universidad P\u00fablica de Navarra (1995-2001) y Profesor Asociado (2001-2003), Profesor Contratado Doctor (2003-2006) y Profesor Titular Interino (2006-2007) en la UAM.<\/p>\n<p>En la conferencia impartida el jueves 17 de febrero, Ferm\u00edn Miranda puso en contexto la situaci\u00f3n del Reino de Navarra antes del Otorgamiento del Fuero de Jaca al Burgo Nuevo de Sang\u00fcesa en 1122 por Alfonso el Batallador. En este contexto, con la situaci\u00f3n de las fronteras del Reino, la concesi\u00f3n del Fuero de Jaca a localidades como Estella o la misma Jaca y la situaci\u00f3n geogr\u00e1fica de Sang\u00fcesa plante\u00f3 varias cuestiones como la posibilidad de que la concesi\u00f3n del Fuero al antiguo asentamiento de Sang\u00fcesa no fuera en 1090 sino el mismo a\u00f1o que se concedi\u00f3 a Estella y Jaca: a\u00f1o 1076. As\u00ed mismo, plante\u00f3 la posibilidad que dicho Fuero se pudo conceder a otro asentamiento diferente al que hasta la fecha se ha dado por sentado.<\/p>\n<p>Sigui\u00f3 poniendo de relevancia la importancia geogr\u00e1fica de la actual Sang\u00fcesa y los motivos por los que llevaron a conceder el Fuero de 1122 al nuevo asentamiento presentando abundante documentaci\u00f3n como mapas, transcripciones del Fuero, etc.<\/p>\n<p>Puedes ver la conferencia \u00edntegra en el canal de YouTube del Ayuntamiento de Sang\u00fcesa \/ Zangoza (debido a problemas t\u00e9cnicos hubo que utilizar un dispositivo m\u00f3vil para la grabaci\u00f3n, pedimos disculpas por la calidad del video):<\/p>\n<p><a href=\"https:\/\/youtu.be\/I71v8J3T27M\">https:\/\/youtu.be\/I71v8J3T27M<\/a><\/p>\n<p><iframe loading=\"lazy\" title=\"Sang\u00fcesa antes del fuero, y con el fuero (pedimos disculpas por la calidad del v\u00eddeo)\" width=\"500\" height=\"281\" src=\"https:\/\/www.youtube.com\/embed\/I71v8J3T27M?feature=oembed\" frameborder=\"0\" allow=\"accelerometer; autoplay; clipboard-write; encrypted-media; gyroscope; picture-in-picture; web-share\" referrerpolicy=\"strict-origin-when-cross-origin\" allowfullscreen><\/iframe><\/p>\n<p>Transcripciones de documentos hist\u00f3ricos que hacen referencia al fuero:<\/p>\n<blockquote><p><em>Sub Christi nomine et eius diuina clemencia. Ego Alfonsus, Dei gratia imperator, facio hanc cartam donacionis et confirmacionis vobis totos francos et ad totosalios populatores qui estis populatos in illo burgo de Sangossa et qui in anteaveneritis ibi populare. Placuit mihi libenti animo et spontanea voluntate, et pro amore quod bene ibi populetis, concedo vobis quod habeatis solutos illosterminos in circuitu, videlicet de Pynna et de Ulle, ut pascant ibi uestras bestias sine calonia, et in illos de Aibar, similiter.<\/em><\/p>\n<p><em>Et concedo vobis totos illos fueros quos dedit uobis pater meus \u2014cui sitrequies\u2014 quando primum populastis ibi, de leztas et de totas alias causas per tota mea terra.<\/em><\/p>\n<p><em>Et quod habeatis totum hoc donatiuum, sicut superius scriptum est, liberum et firmum et securum vos et filii vestri racionis generacio vestra, salua mea fidelitate et de mea posteritate per cuncta secula, amen.<\/em><\/p>\n<p><em>Signum imperatoris Adefonsi.<\/em><\/p>\n<p><em>Facta carta in era milessima.C. quinquagesima [quinta], in mense februario, in billa que dicitur Termas<\/em><\/p>\n<p><em>Sub Christi nomine et eius diuina clementia. Ego quidem Adeffonsus, gratia Dei imperator. Placuit michi libenti animo et spontanea uoluntate, et facio hanccartam uobis totos populatores de Sangossa de illo burgo nouo prope illo ponte iuxta illo meo palatio qui modo estis et in antea ibi ueneritis populare, ut faciatisibi burgo in illa uia que uadit contra Ulle. Et dono uobis foro quale dedit patermeus rex dompno Sancii \u2014cui sit requies\u2014 ad illos populatores de illo burgo uiello. Et dono uobis termino de illa uia que uadit contra Cortes in iusso usque ad flumen de Aragon toto illo heremo. Et dono uobis quantos quod ibi populaueritisut comparetis in illo termino de Sangossa uel ubi melius potueritis et abeatisillum franchum et liberum et ingenuum uos et filii uestri et omnis generatio uelposteritas uestra, salua mea fidelitate et de mea posteritate per secula cuncta, amen. Et similiter dono uobis tayllare et lignare in illo monte et in illa silua de Bio\u00e7al et in illa silua de Sancti Saluatoris de Leyre et in illo monte de Pinna.<\/em><\/p>\n<p><em>Et nullus homo qui habuerit hereditate in illo burgo uiello, non uolo ut populet in illo burgo nouo neque nullo infan\u00e7on de mea terra.<\/em><\/p>\n<p><em>Similiter dono ibi ad Fortuyno Garceiz Caxal uno casale et alio casale ad AthoFortuynon, meo merino.<\/em><\/p>\n<p><em>Et uolo ut non habeatis alium seynorem si non me [\u2026] Et dono a Garcia Lopiz, meo merino, uno casale. Similiter dono uobis lignare et tayllare et pascuere in illos montes de Ayuar et de Lombier et in illos alios montes de illas uillas in circuitu de Sangossa quantum potueritis in uno die andare et tornare.<\/em><\/p>\n<p><em>Factam hanc cartam in mense febroario, in era M.C.LX.<\/em><\/p>\n<p>&nbsp;<\/p><\/blockquote>\n","protected":false},"author":19095,"featured_media":36170,"template":"","format":"standard","meta":{"_wpml_word_count":["{\"total\":0,\"to_translate\":{\"eu\":1646,\"es\":1646}}"],"_wpml_media_featured":["1"],"_wpml_media_duplicate":["1"],"_thumbnail_id":["36170"],"_last_translation_edit_mode":["translation-editor"],"_qt_imported":["from-30212"],"sbg_selected_sidebar":["s:18:\"a:1:{i:0;s:1:\"0\";}\";"],"sbg_selected_sidebar_replacement":["s:17:\"a:1:{i:0;s:0:\"\";}\";"],"sbg_selected_sidebar_2":["s:18:\"a:1:{i:0;s:1:\"0\";}\";"],"sbg_selected_sidebar_2_replacement":["s:17:\"a:1:{i:0;s:0:\"\";}\";"],"_qt_links_fixed":["1"],"_oembed_4b72a7013f45ae645ee30a29fe5281f5":["<iframe title=\"Sang\u00fcesa antes del fuero, y con el fuero (pedimos disculpas por la calidad del v\u00eddeo)\" width=\"500\" height=\"281\" src=\"https:\/\/www.youtube.com\/embed\/I71v8J3T27M?feature=oembed\" frameborder=\"0\" allow=\"accelerometer; autoplay; clipboard-write; encrypted-media; gyroscope; picture-in-picture\" allowfullscreen><\/iframe>"],"_oembed_time_4b72a7013f45ae645ee30a29fe5281f5":["1654366542"],"_oembed_488b132b262e99337e2734c390304935":["<iframe title=\"Sang\u00fcesa antes del fuero, y con el fuero (pedimos disculpas por la calidad del v\u00eddeo)\" width=\"500\" height=\"281\" src=\"https:\/\/www.youtube.com\/embed\/I71v8J3T27M?feature=oembed\" frameborder=\"0\" allow=\"accelerometer; autoplay; clipboard-write; encrypted-media; gyroscope; picture-in-picture; web-share\" referrerpolicy=\"strict-origin-when-cross-origin\" allowfullscreen><\/iframe>"],"_oembed_time_488b132b262e99337e2734c390304935":["1731056424"]},"class_list":["post-36169","noticias","type-noticias","status-publish","format-standard","has-post-thumbnail","hentry","categorianoticias-900-aniversario-eu"],"yoast_head":"<!-- This site is optimized with the Yoast SEO plugin v22.3 - https:\/\/yoast.com\/wordpress\/plugins\/seo\/ -->\r\n<title>&quot;Sang\u00fcesa antes del Fuero, y con el Fuero&quot; por Ferm\u00edn Miranda - Ayuntamiento Sang\u00fcesa \/ Zangozako Udala<\/title>\r\n<meta name=\"robots\" content=\"index, follow, max-snippet:-1, max-image-preview:large, max-video-preview:-1\" \/>\r\n<link rel=\"canonical\" href=\"https:\/\/www.sanguesa.es\/noticias\/sanguesa-antes-del-fuero-y-con-el-fuero-por-fermin-miranda\/\" \/>\r\n<meta property=\"og:locale\" content=\"eu_ES\" \/>\r\n<meta property=\"og:type\" content=\"article\" \/>\r\n<meta property=\"og:title\" content=\"&quot;Sang\u00fcesa antes del Fuero, y con el Fuero&quot; por Ferm\u00edn Miranda - Ayuntamiento Sang\u00fcesa \/ Zangozako Udala\" \/>\r\n<meta property=\"og:description\" content=\"Fermin Miranda, profesor Titular de Historia Medieval en la Universidad Aut\u00f3noma de Madrid desde 2007. Sus temas de investigaci\u00f3n se centran de modo fundamental, en cuestiones relativas a la construcci\u00f3n de los modelos ideol\u00f3gicos del poder pol\u00edtico y, en otras l\u00edneas de trabajo anteriores o paralelas, en torno a los grupos sociales no privilegiados. En [&hellip;]\" \/>\r\n<meta property=\"og:url\" content=\"https:\/\/www.sanguesa.es\/noticias\/sanguesa-antes-del-fuero-y-con-el-fuero-por-fermin-miranda\/\" \/>\r\n<meta property=\"og:site_name\" content=\"Ayuntamiento Sang\u00fcesa \/ Zangozako Udala\" \/>\r\n<meta property=\"article:modified_time\" content=\"2022-02-18T11:31:12+00:00\" \/>\r\n<meta property=\"og:image\" content=\"https:\/\/www.sanguesa.es\/wp-content\/uploads\/2022\/02\/cf0c6daa-5699-4380-bd76-d7972eb25632.jpg\" \/>\r\n\t<meta property=\"og:image:width\" content=\"1302\" \/>\r\n\t<meta property=\"og:image:height\" content=\"806\" \/>\r\n\t<meta property=\"og:image:type\" content=\"image\/jpeg\" \/>\r\n<meta name=\"twitter:card\" content=\"summary_large_image\" \/>\r\n<meta name=\"twitter:label1\" content=\"Est. reading time\" \/>\n\t<meta name=\"twitter:data1\" content=\"9 minutes\" \/>\r\n<script type=\"application\/ld+json\" class=\"yoast-schema-graph\">{\"@context\":\"https:\/\/schema.org\",\"@graph\":[{\"@type\":\"WebPage\",\"@id\":\"https:\/\/www.sanguesa.es\/noticias\/sanguesa-antes-del-fuero-y-con-el-fuero-por-fermin-miranda\/\",\"url\":\"https:\/\/www.sanguesa.es\/noticias\/sanguesa-antes-del-fuero-y-con-el-fuero-por-fermin-miranda\/\",\"name\":\"\\\"Sang\u00fcesa antes del Fuero, y con el Fuero\\\" por Ferm\u00edn Miranda - Ayuntamiento Sang\u00fcesa \/ Zangozako Udala\",\"isPartOf\":{\"@id\":\"https:\/\/www.sanguesa.es\/#website\"},\"primaryImageOfPage\":{\"@id\":\"https:\/\/www.sanguesa.es\/noticias\/sanguesa-antes-del-fuero-y-con-el-fuero-por-fermin-miranda\/#primaryimage\"},\"image\":{\"@id\":\"https:\/\/www.sanguesa.es\/noticias\/sanguesa-antes-del-fuero-y-con-el-fuero-por-fermin-miranda\/#primaryimage\"},\"thumbnailUrl\":\"https:\/\/www.sanguesa.es\/wp-content\/uploads\/2022\/02\/cf0c6daa-5699-4380-bd76-d7972eb25632.jpg\",\"datePublished\":\"2022-02-18T12:31:12+00:00\",\"dateModified\":\"2022-02-18T11:31:12+00:00\",\"breadcrumb\":{\"@id\":\"https:\/\/www.sanguesa.es\/noticias\/sanguesa-antes-del-fuero-y-con-el-fuero-por-fermin-miranda\/#breadcrumb\"},\"inLanguage\":\"eu-ES\",\"potentialAction\":[{\"@type\":\"ReadAction\",\"target\":[\"https:\/\/www.sanguesa.es\/noticias\/sanguesa-antes-del-fuero-y-con-el-fuero-por-fermin-miranda\/\"]}]},{\"@type\":\"ImageObject\",\"inLanguage\":\"eu-ES\",\"@id\":\"https:\/\/www.sanguesa.es\/noticias\/sanguesa-antes-del-fuero-y-con-el-fuero-por-fermin-miranda\/#primaryimage\",\"url\":\"https:\/\/www.sanguesa.es\/wp-content\/uploads\/2022\/02\/cf0c6daa-5699-4380-bd76-d7972eb25632.jpg\",\"contentUrl\":\"https:\/\/www.sanguesa.es\/wp-content\/uploads\/2022\/02\/cf0c6daa-5699-4380-bd76-d7972eb25632.jpg\",\"width\":1302,\"height\":806},{\"@type\":\"BreadcrumbList\",\"@id\":\"https:\/\/www.sanguesa.es\/noticias\/sanguesa-antes-del-fuero-y-con-el-fuero-por-fermin-miranda\/#breadcrumb\",\"itemListElement\":[{\"@type\":\"ListItem\",\"position\":1,\"name\":\"Portada\",\"item\":\"https:\/\/www.sanguesa.es\/\"},{\"@type\":\"ListItem\",\"position\":2,\"name\":\"Noticias\",\"item\":\"https:\/\/www.sanguesa.es\/noticias\/\"},{\"@type\":\"ListItem\",\"position\":3,\"name\":\"\u00abSang\u00fcesa antes del Fuero, y con el Fuero\u00bb por Ferm\u00edn Miranda\"}]},{\"@type\":\"WebSite\",\"@id\":\"https:\/\/www.sanguesa.es\/#website\",\"url\":\"https:\/\/www.sanguesa.es\/\",\"name\":\"Ayuntamiento Sang\u00fcesa \/ Zangozako Udala\",\"description\":\"Sitio web del Ayuntamiento Sang\u00fcesa \/ Zangozako Udala\",\"potentialAction\":[{\"@type\":\"SearchAction\",\"target\":{\"@type\":\"EntryPoint\",\"urlTemplate\":\"https:\/\/www.sanguesa.es\/?s={search_term_string}\"},\"query-input\":\"required name=search_term_string\"}],\"inLanguage\":\"eu-ES\"}]}<\/script>\r\n<!-- \/ Yoast SEO plugin. -->","yoast_head_json":{"title":"\"Sang\u00fcesa antes del Fuero, y con el Fuero\" por Ferm\u00edn Miranda - Ayuntamiento Sang\u00fcesa \/ Zangozako Udala","robots":{"index":"index","follow":"follow","max-snippet":"max-snippet:-1","max-image-preview":"max-image-preview:large","max-video-preview":"max-video-preview:-1"},"canonical":"https:\/\/www.sanguesa.es\/noticias\/sanguesa-antes-del-fuero-y-con-el-fuero-por-fermin-miranda\/","og_locale":"eu_ES","og_type":"article","og_title":"\"Sang\u00fcesa antes del Fuero, y con el Fuero\" por Ferm\u00edn Miranda - Ayuntamiento Sang\u00fcesa \/ Zangozako Udala","og_description":"Fermin Miranda, profesor Titular de Historia Medieval en la Universidad Aut\u00f3noma de Madrid desde 2007. Sus temas de investigaci\u00f3n se centran de modo fundamental, en cuestiones relativas a la construcci\u00f3n de los modelos ideol\u00f3gicos del poder pol\u00edtico y, en otras l\u00edneas de trabajo anteriores o paralelas, en torno a los grupos sociales no privilegiados. En [&hellip;]","og_url":"https:\/\/www.sanguesa.es\/noticias\/sanguesa-antes-del-fuero-y-con-el-fuero-por-fermin-miranda\/","og_site_name":"Ayuntamiento Sang\u00fcesa \/ Zangozako Udala","article_modified_time":"2022-02-18T11:31:12+00:00","og_image":[{"width":1302,"height":806,"url":"https:\/\/www.sanguesa.es\/wp-content\/uploads\/2022\/02\/cf0c6daa-5699-4380-bd76-d7972eb25632.jpg","type":"image\/jpeg"}],"twitter_card":"summary_large_image","twitter_misc":{"Est. reading time":"9 minutes"},"schema":{"@context":"https:\/\/schema.org","@graph":[{"@type":"WebPage","@id":"https:\/\/www.sanguesa.es\/noticias\/sanguesa-antes-del-fuero-y-con-el-fuero-por-fermin-miranda\/","url":"https:\/\/www.sanguesa.es\/noticias\/sanguesa-antes-del-fuero-y-con-el-fuero-por-fermin-miranda\/","name":"\"Sang\u00fcesa antes del Fuero, y con el Fuero\" por Ferm\u00edn Miranda - Ayuntamiento Sang\u00fcesa \/ Zangozako Udala","isPartOf":{"@id":"https:\/\/www.sanguesa.es\/#website"},"primaryImageOfPage":{"@id":"https:\/\/www.sanguesa.es\/noticias\/sanguesa-antes-del-fuero-y-con-el-fuero-por-fermin-miranda\/#primaryimage"},"image":{"@id":"https:\/\/www.sanguesa.es\/noticias\/sanguesa-antes-del-fuero-y-con-el-fuero-por-fermin-miranda\/#primaryimage"},"thumbnailUrl":"https:\/\/www.sanguesa.es\/wp-content\/uploads\/2022\/02\/cf0c6daa-5699-4380-bd76-d7972eb25632.jpg","datePublished":"2022-02-18T12:31:12+00:00","dateModified":"2022-02-18T11:31:12+00:00","breadcrumb":{"@id":"https:\/\/www.sanguesa.es\/noticias\/sanguesa-antes-del-fuero-y-con-el-fuero-por-fermin-miranda\/#breadcrumb"},"inLanguage":"eu-ES","potentialAction":[{"@type":"ReadAction","target":["https:\/\/www.sanguesa.es\/noticias\/sanguesa-antes-del-fuero-y-con-el-fuero-por-fermin-miranda\/"]}]},{"@type":"ImageObject","inLanguage":"eu-ES","@id":"https:\/\/www.sanguesa.es\/noticias\/sanguesa-antes-del-fuero-y-con-el-fuero-por-fermin-miranda\/#primaryimage","url":"https:\/\/www.sanguesa.es\/wp-content\/uploads\/2022\/02\/cf0c6daa-5699-4380-bd76-d7972eb25632.jpg","contentUrl":"https:\/\/www.sanguesa.es\/wp-content\/uploads\/2022\/02\/cf0c6daa-5699-4380-bd76-d7972eb25632.jpg","width":1302,"height":806},{"@type":"BreadcrumbList","@id":"https:\/\/www.sanguesa.es\/noticias\/sanguesa-antes-del-fuero-y-con-el-fuero-por-fermin-miranda\/#breadcrumb","itemListElement":[{"@type":"ListItem","position":1,"name":"Portada","item":"https:\/\/www.sanguesa.es\/"},{"@type":"ListItem","position":2,"name":"Noticias","item":"https:\/\/www.sanguesa.es\/noticias\/"},{"@type":"ListItem","position":3,"name":"\u00abSang\u00fcesa antes del Fuero, y con el Fuero\u00bb por Ferm\u00edn Miranda"}]},{"@type":"WebSite","@id":"https:\/\/www.sanguesa.es\/#website","url":"https:\/\/www.sanguesa.es\/","name":"Ayuntamiento Sang\u00fcesa \/ Zangozako Udala","description":"Sitio web del Ayuntamiento Sang\u00fcesa \/ Zangozako Udala","potentialAction":[{"@type":"SearchAction","target":{"@type":"EntryPoint","urlTemplate":"https:\/\/www.sanguesa.es\/?s={search_term_string}"},"query-input":"required name=search_term_string"}],"inLanguage":"eu-ES"}]}},"_links":{"self":[{"href":"https:\/\/www.sanguesa.es\/eu\/wp-json\/wp\/v2\/noticias\/36169"}],"collection":[{"href":"https:\/\/www.sanguesa.es\/eu\/wp-json\/wp\/v2\/noticias"}],"about":[{"href":"https:\/\/www.sanguesa.es\/eu\/wp-json\/wp\/v2\/types\/noticias"}],"author":[{"embeddable":true,"href":"https:\/\/www.sanguesa.es\/eu\/wp-json\/wp\/v2\/users\/19095"}],"wp:featuredmedia":[{"embeddable":true,"href":"https:\/\/www.sanguesa.es\/eu\/wp-json\/wp\/v2\/media\/36170"}],"wp:attachment":[{"href":"https:\/\/www.sanguesa.es\/eu\/wp-json\/wp\/v2\/media?parent=36169"}],"curies":[{"name":"wp","href":"https:\/\/api.w.org\/{rel}","templated":true}]}}